{"id":491401,"date":"2017-08-01T09:52:44","date_gmt":"2017-08-01T14:52:44","guid":{"rendered":"https:\/\/www.futboltotal.com.mx\/?p=491401"},"modified":"2017-08-01T09:52:44","modified_gmt":"2017-08-01T14:52:44","slug":"charlyn-corral-descarta-jugar-en-la-liga-mx-femenil","status":"publish","type":"post","link":"http:\/\/desarrollo.grupomedios.com\/futbol\/futbol-mexicano\/charlyn-corral-descarta-jugar-en-la-liga-mx-femenil\/2017\/08","title":{"rendered":"Charlyn Corral no descarta jugar en la Liga MX Femenil"},"content":{"rendered":"<p>Con el reci\u00e9n inicio de la <strong>Liga MX Femenil<\/strong>, la delantera mexicana del Levante, <strong>Charlyn Corral<\/strong>, se dijo orgullosa por el inicio del torneo y espera que con el tiempo se vuelva m\u00e1s profesional por el bien de las jugadoras.<\/p>\n<p>&#8220;Me gust\u00f3 el inicio de la <strong>Liga MX Femenil<\/strong>, porque he visto que fueron bastantes personas a ver los partidos y yo creo que esa era la expectativa que todo mundo ten\u00eda, si iba a ir la gente o no, si iban a televisar los juegos. Me he quedado impresionada por los resultados, porque creo que no hubo golizas&#8221;, coment\u00f3 en entrevista para <em>Deportes Claro<\/em>.<\/p>\n<p style=\"text-align: center;\"><span style=\"color: #3366ff;\"><a style=\"color: #3366ff;\" href=\"https:\/\/www.futboltotal.com.mx\/2017\/08\/oficial-mateus-uribe-refuerzo-bomba-america\/\">VER M\u00c1S: OFICIAL: Mateus Uribe, el refuerzo bomba de Am\u00e9rica<\/a><\/span><\/p>\n<p><strong>Charlyn<\/strong> afirm\u00f3 que las jugadoras se deben comportar como profesionales para recibir el mismo trato de parte de las directivas, adem\u00e1s que as\u00ed se podr\u00e1 aspirar la creaci\u00f3n de categor\u00edas inferiores y a un mejor nivel en el m\u00e1ximo circuito.<\/p>\n<p>&#8220;Las jugadoras si se lo est\u00e1n tomando en serio, yo he platicado con varias y lo que yo les dec\u00eda era que lo tienen que hacer como profesionales, para que se les trate como profesionales hay que portarse como tal. Lo que falta es que se pulan mejor los partidos, que exista un mejor sistema de juego, porque de repente se ve\u00eda m\u00e1s la ansiedad y s\u00e9 que pueden jugar mejor y con el paso de los partidos se ir\u00e1n soltando, habr\u00e1 un mejor parado de equipo y se mejorar\u00e1 t\u00e1cticamente&#8221; , coment\u00f3.<\/p>\n<p style=\"text-align: center;\"><span style=\"color: #3366ff;\"><a style=\"color: #3366ff;\" href=\"https:\/\/www.futboltotal.com.mx\/2017\/08\/pumas-nadie-se-burla-escribio-club-en-comunicado\/\">VER M\u00c1S: De Pumas nadie se burla\u201d; habr\u00eda demanda a Gast\u00f3n Silva<\/a><\/span><\/p>\n<p>Por \u00faltimo, la tambi\u00e9n seleccionada nacional coment\u00f3 que recibi\u00f3 ofertas de Tigres Femenil y de las Xolas de Tijuana para unirse a su equipo, sin embargo, por ahora no piensa dejar la Liga Iberdola.<\/p>\n<p>&#8220;Principalmente de Tigres s\u00e9 que es el equipo que m\u00e1s est\u00e1 invirtiendo y de otros equipos solo de palabra como Xolas, s\u00e9 que tengo una buena imagen en M\u00e9xico y que muchos t\u00e9cnicos me conocen y eso me abre puertas, en este momento no lo vi conveniente por lo que tengo en Espa\u00f1a, pero obviamente no me cierro puertas y en un futuro me gustar\u00eda formar parte de esta nueva historia&#8221;, finaliz\u00f3.<\/p>\n<p><em>*Con informaci\u00f3n de Marca Claro<\/em><\/p>\n","protected":false},"excerpt":{"rendered":"<p>Charlyn confes\u00f3 que recibi\u00f3 ofertas para venir a M\u00e9xico.<\/p>\n","protected":false},"author":20,"featured_media":443935,"comment_status":"closed","ping_status":"closed","sticky":false,"template":"","format":"standard","meta":[],"categories":[2198,3845],"tags":[4008,64,7754],"_links":{"self":[{"href":"http:\/\/desarrollo.grupomedios.com\/futbol\/wp-json\/wp\/v2\/posts\/491401"}],"collection":[{"href":"http:\/\/desarrollo.grupomedios.com\/futbol\/wp-json\/wp\/v2\/posts"}],"about":[{"href":"http:\/\/desarrollo.grupomedios.com\/futbol\/wp-json\/wp\/v2\/types\/post"}],"author":[{"embeddable":true,"href":"http:\/\/desarrollo.grupomedios.com\/futbol\/wp-json\/wp\/v2\/users\/20"}],"replies":[{"embeddable":true,"href":"http:\/\/desarrollo.grupomedios.com\/futbol\/wp-json\/wp\/v2\/comments?post=491401"}],"version-history":[{"count":1,"href":"http:\/\/desarrollo.grupomedios.com\/futbol\/wp-json\/wp\/v2\/posts\/491401\/revisions"}],"predecessor-version":[{"id":491406,"href":"http:\/\/desarrollo.grupomedios.com\/futbol\/wp-json\/wp\/v2\/posts\/491401\/revisions\/491406"}],"wp:featuredmedia":[{"embeddable":true,"href":"http:\/\/desarrollo.grupomedios.com\/futbol\/wp-json\/wp\/v2\/media\/443935"}],"wp:attachment":[{"href":"http:\/\/desarrollo.grupomedios.com\/futbol\/wp-json\/wp\/v2\/media?parent=491401"}],"wp:term":[{"taxonomy":"category","embeddable":true,"href":"http:\/\/desarrollo.grupomedios.com\/futbol\/wp-json\/wp\/v2\/categories?post=491401"},{"taxonomy":"post_tag","embeddable":true,"href":"http:\/\/desarrollo.grupomedios.com\/futbol\/wp-json\/wp\/v2\/tags?post=491401"}],"curies":[{"name":"wp","href":"https:\/\/api.w.org\/{rel}","templated":true}]}}