{"id":491404,"date":"2017-08-01T10:04:14","date_gmt":"2017-08-01T15:04:14","guid":{"rendered":"https:\/\/www.futboltotal.com.mx\/?p=491404"},"modified":"2017-08-01T10:04:14","modified_gmt":"2017-08-01T15:04:14","slug":"podolski-se-luce-en-japon-botas-estilo-supercampeones","status":"publish","type":"post","link":"http:\/\/desarrollo.grupomedios.com\/futbol\/futbol-internacional\/podolski-se-luce-en-japon-botas-estilo-supercampeones\/2017\/08","title":{"rendered":"Podolski se luce en Jap\u00f3n con botas estilo Supercampeones"},"content":{"rendered":"<p>El delantero alem\u00e1n, <strong>Lukas Podolski<\/strong> hizo su debut en el futbol de Jap\u00f3n con su nuevo equipo, <strong>Vissel Kobe<\/strong> y adem\u00e1s de ser la figura del equipo, mostr\u00f3 su fanatismo por los <strong>Supercampeones<\/strong>.<\/p>\n<p>El atacante de 32 a\u00f1os, decidi\u00f3 utilizar unos botines <strong>Adidas f50<\/strong>, sin embargo, los personaliz\u00f3 con dos \u00a0im\u00e1genes de los Supercampeones;\u00a0\u00a0<strong>Steve Hyuga<\/strong> y <strong>Oliver Atom<\/strong> aparecieron en cada bot\u00edn.<\/p>\n<p style=\"text-align: center;\"><span style=\"color: #333399;\"><a style=\"color: #333399;\" href=\"https:\/\/www.futboltotal.com.mx\/2017\/08\/oficial-mateus-uribe-refuerzo-bomba-america\/\" target=\"_blank\" rel=\"noopener noreferrer\">VER M\u00c1S: OFICIAL: Mateus Uribe ya es de Am\u00e9rica<\/a><\/span><\/p>\n<p>Adem\u00e1s, sus espinilleras tambi\u00e9n ten\u00edan una imagen de Hyuga.<\/p>\n<p>Lo bueno; &#8216;<strong>Poldi&#8217;<\/strong> anot\u00f3 un doblete con su equipo en la victoria de 3-1 en su debut; lo malo, no lo hizo con estos botines, pues al segundo tiempo sali\u00f3 con unos convencionales y sus goles fueron al minuto 49 y 62, respectivamente.<\/p>\n<p style=\"text-align: center;\"><span style=\"color: #333399;\"><a style=\"color: #333399;\" href=\"https:\/\/www.futboltotal.com.mx\/2017\/08\/pumas-nadie-se-burla-escribio-club-en-comunicado\/\" target=\"_blank\" rel=\"noopener noreferrer\">VER M\u00c1S: Pumas demandar\u00e1 en caso Gast\u00f3n Silva<\/a><\/span><\/p>\n<p><a href=\"https:\/\/www.futboltotal.com.mx\/wp-content\/uploads\/2017\/08\/podolski-oliver-2.jpg\"><img decoding=\"async\" loading=\"lazy\" class=\"alignnone size-full wp-image-491407\" src=\"https:\/\/www.futboltotal.com.mx\/wp-content\/uploads\/2017\/08\/podolski-oliver-2.jpg\" alt=\"Podolski se luce en Jap\u00f3n con botas estilo Supercampeones 0\" srcset=\"http:\/\/desarrollo.grupomedios.com\/futbol\/wp-content\/uploads\/2017\/08\/podolski-oliver-2.jpg 718w, http:\/\/desarrollo.grupomedios.com\/futbol\/wp-content\/uploads\/2017\/08\/podolski-oliver-2-199x300.jpg 199w, http:\/\/desarrollo.grupomedios.com\/futbol\/wp-content\/uploads\/2017\/08\/podolski-oliver-2-680x1024.jpg 680w\" sizes=\"(max-width: 718px) 100vw, 718px\" \/><\/a> <a href=\"https:\/\/www.futboltotal.com.mx\/wp-content\/uploads\/2017\/08\/podolski-oliver.jpg\"><img decoding=\"async\" loading=\"lazy\" class=\"alignnone size-full wp-image-491408\" src=\"https:\/\/www.futboltotal.com.mx\/wp-content\/uploads\/2017\/08\/podolski-oliver.jpg\" alt=\"Podolski se luce en Jap\u00f3n con botas estilo Supercampeones 1\" srcset=\"http:\/\/desarrollo.grupomedios.com\/futbol\/wp-content\/uploads\/2017\/08\/podolski-oliver.jpg 1200w, http:\/\/desarrollo.grupomedios.com\/futbol\/wp-content\/uploads\/2017\/08\/podolski-oliver-300x172.jpg 300w, http:\/\/desarrollo.grupomedios.com\/futbol\/wp-content\/uploads\/2017\/08\/podolski-oliver-768x440.jpg 768w, http:\/\/desarrollo.grupomedios.com\/futbol\/wp-content\/uploads\/2017\/08\/podolski-oliver-1024x587.jpg 1024w\" sizes=\"(max-width: 1200px) 100vw, 1200px\" \/><\/a><\/p>\n<p>&nbsp;<\/p>\n<p>&nbsp;<\/p>\n<p>&nbsp;<\/p>\n","protected":false},"excerpt":{"rendered":"<p>El atacante alem\u00e1n demostr\u00f3 ser un gran fan de la caricatura<\/p>\n","protected":false},"author":20,"featured_media":470068,"comment_status":"closed","ping_status":"closed","sticky":false,"template":"","format":"standard","meta":[],"categories":[3839],"tags":[2581,9575,9574,5175],"_links":{"self":[{"href":"http:\/\/desarrollo.grupomedios.com\/futbol\/wp-json\/wp\/v2\/posts\/491404"}],"collection":[{"href":"http:\/\/desarrollo.grupomedios.com\/futbol\/wp-json\/wp\/v2\/posts"}],"about":[{"href":"http:\/\/desarrollo.grupomedios.com\/futbol\/wp-json\/wp\/v2\/types\/post"}],"author":[{"embeddable":true,"href":"http:\/\/desarrollo.grupomedios.com\/futbol\/wp-json\/wp\/v2\/users\/20"}],"replies":[{"embeddable":true,"href":"http:\/\/desarrollo.grupomedios.com\/futbol\/wp-json\/wp\/v2\/comments?post=491404"}],"version-history":[{"count":1,"href":"http:\/\/desarrollo.grupomedios.com\/futbol\/wp-json\/wp\/v2\/posts\/491404\/revisions"}],"predecessor-version":[{"id":491411,"href":"http:\/\/desarrollo.grupomedios.com\/futbol\/wp-json\/wp\/v2\/posts\/491404\/revisions\/491411"}],"wp:featuredmedia":[{"embeddable":true,"href":"http:\/\/desarrollo.grupomedios.com\/futbol\/wp-json\/wp\/v2\/media\/470068"}],"wp:attachment":[{"href":"http:\/\/desarrollo.grupomedios.com\/futbol\/wp-json\/wp\/v2\/media?parent=491404"}],"wp:term":[{"taxonomy":"category","embeddable":true,"href":"http:\/\/desarrollo.grupomedios.com\/futbol\/wp-json\/wp\/v2\/categories?post=491404"},{"taxonomy":"post_tag","embeddable":true,"href":"http:\/\/desarrollo.grupomedios.com\/futbol\/wp-json\/wp\/v2\/tags?post=491404"}],"curies":[{"name":"wp","href":"https:\/\/api.w.org\/{rel}","templated":true}]}}