{"id":491418,"date":"2017-08-01T11:07:17","date_gmt":"2017-08-01T16:07:17","guid":{"rendered":"https:\/\/www.futboltotal.com.mx\/?p=491418"},"modified":"2017-08-01T11:24:29","modified_gmt":"2017-08-01T16:24:29","slug":"chicharito-ya-numero-west-ham","status":"publish","type":"post","link":"http:\/\/desarrollo.grupomedios.com\/futbol\/destacado-home\/chicharito-ya-numero-west-ham\/2017\/08","title":{"rendered":"\u00a1Chicharito ya tiene n\u00famero con el West Ham!"},"content":{"rendered":"<p>Luego de que hace unos d\u00edas <strong>Chicharito Hern\u00e1ndez<\/strong> confesara que no utilizar\u00eda el n\u00famero 14 en el <strong>West Ham<\/strong>, el mexicano ya tendr\u00eda un nuevo dorsal para la temporada 2017-18.<\/p>\n<p><strong>Hern\u00e1ndez<\/strong> disputar\u00e1 el amistoso entre el Altona 93 y el <strong>West Ham<\/strong>, el delantero se encuentra en la banca, donde aparece con el n\u00famero 17.<\/p>\n<p style=\"text-align: center;\"><span style=\"color: #3366ff;\"><a style=\"color: #3366ff;\" href=\"https:\/\/www.futboltotal.com.mx\/2017\/08\/lobos-buap-cerca-llegar-a-espn\/\">VER M\u00c1S: Lobos BUAP, cerca de llegar a ESPN<\/a><\/span><\/p>\n<blockquote class=\"twitter-tweet\" data-width=\"500\">\n<p lang=\"en\" dir=\"ltr\">.<a href=\"https:\/\/twitter.com\/WinstonReid2\">@WinstonReid2<\/a> returns! And <a href=\"https:\/\/twitter.com\/CH14_\">@CH14_<\/a> is set to make his debut! <a href=\"https:\/\/twitter.com\/hashtag\/COYI?src=hash\">#COYI<\/a> <a href=\"https:\/\/t.co\/xsoZlOidOR\">pic.twitter.com\/xsoZlOidOR<\/a><\/p>\n<p>&mdash; West Ham United (@WestHamUtd) <a href=\"https:\/\/twitter.com\/WestHamUtd\/status\/892407104413323264\">August 1, 2017<\/a><\/p><\/blockquote>\n<p><script async src=\"\/\/platform.twitter.com\/widgets.js\" charset=\"utf-8\"><\/script><\/p>\n<p>Esta es el tercer dorsal distinto que utiliza <strong>Chicharito<\/strong> en Europa, pues en el Manchester United y Real Madrid port\u00f3 el 14, en el Bayer Leverkusen el 7 y ahora podr\u00eda estar usando el 17, todo esto a espera de que inicie la Premier League.<\/p>\n<p><a href=\"https:\/\/www.futboltotal.com.mx\/wp-content\/uploads\/2017\/08\/chicharito-numero-17.jpg\"><img decoding=\"async\" loading=\"lazy\" class=\"alignnone size-full wp-image-491424\" src=\"https:\/\/www.futboltotal.com.mx\/wp-content\/uploads\/2017\/08\/chicharito-numero-17.jpg\" alt=\"\u00a1Chicharito ya tiene n\u00famero con el West Ham! 0\" srcset=\"http:\/\/desarrollo.grupomedios.com\/futbol\/wp-content\/uploads\/2017\/08\/chicharito-numero-17.jpg 1136w, http:\/\/desarrollo.grupomedios.com\/futbol\/wp-content\/uploads\/2017\/08\/chicharito-numero-17-300x169.jpg 300w, http:\/\/desarrollo.grupomedios.com\/futbol\/wp-content\/uploads\/2017\/08\/chicharito-numero-17-768x432.jpg 768w, http:\/\/desarrollo.grupomedios.com\/futbol\/wp-content\/uploads\/2017\/08\/chicharito-numero-17-1024x576.jpg 1024w, http:\/\/desarrollo.grupomedios.com\/futbol\/wp-content\/uploads\/2017\/08\/chicharito-numero-17-317x178.jpg 317w, http:\/\/desarrollo.grupomedios.com\/futbol\/wp-content\/uploads\/2017\/08\/chicharito-numero-17-535x301.jpg 535w, http:\/\/desarrollo.grupomedios.com\/futbol\/wp-content\/uploads\/2017\/08\/chicharito-numero-17-374x210.jpg 374w\" sizes=\"(max-width: 1136px) 100vw, 1136px\" \/><\/a><\/p>\n<blockquote class=\"twitter-tweet\" data-width=\"500\">\n<p lang=\"und\" dir=\"ltr\"><a href=\"https:\/\/twitter.com\/hashtag\/CHICHAR17O?src=hash\">#CHICHAR17O<\/a> <a href=\"https:\/\/t.co\/tjUibiQryX\">pic.twitter.com\/tjUibiQryX<\/a><\/p>\n<p>&mdash; West Ham United (@WestHamUtd) <a href=\"https:\/\/twitter.com\/WestHamUtd\/status\/892417408622878720\">August 1, 2017<\/a><\/p><\/blockquote>\n<p><script async src=\"\/\/platform.twitter.com\/widgets.js\" charset=\"utf-8\"><\/script><\/p>\n","protected":false},"excerpt":{"rendered":"<p>El mexicano estar\u00eda estrenando nuevo n\u00famero.<\/p>\n","protected":false},"author":20,"featured_media":490625,"comment_status":"closed","ping_status":"closed","sticky":false,"template":"","format":"standard","meta":[],"categories":[5,3839],"tags":[120,1743],"_links":{"self":[{"href":"http:\/\/desarrollo.grupomedios.com\/futbol\/wp-json\/wp\/v2\/posts\/491418"}],"collection":[{"href":"http:\/\/desarrollo.grupomedios.com\/futbol\/wp-json\/wp\/v2\/posts"}],"about":[{"href":"http:\/\/desarrollo.grupomedios.com\/futbol\/wp-json\/wp\/v2\/types\/post"}],"author":[{"embeddable":true,"href":"http:\/\/desarrollo.grupomedios.com\/futbol\/wp-json\/wp\/v2\/users\/20"}],"replies":[{"embeddable":true,"href":"http:\/\/desarrollo.grupomedios.com\/futbol\/wp-json\/wp\/v2\/comments?post=491418"}],"version-history":[{"count":4,"href":"http:\/\/desarrollo.grupomedios.com\/futbol\/wp-json\/wp\/v2\/posts\/491418\/revisions"}],"predecessor-version":[{"id":491429,"href":"http:\/\/desarrollo.grupomedios.com\/futbol\/wp-json\/wp\/v2\/posts\/491418\/revisions\/491429"}],"wp:featuredmedia":[{"embeddable":true,"href":"http:\/\/desarrollo.grupomedios.com\/futbol\/wp-json\/wp\/v2\/media\/490625"}],"wp:attachment":[{"href":"http:\/\/desarrollo.grupomedios.com\/futbol\/wp-json\/wp\/v2\/media?parent=491418"}],"wp:term":[{"taxonomy":"category","embeddable":true,"href":"http:\/\/desarrollo.grupomedios.com\/futbol\/wp-json\/wp\/v2\/categories?post=491418"},{"taxonomy":"post_tag","embeddable":true,"href":"http:\/\/desarrollo.grupomedios.com\/futbol\/wp-json\/wp\/v2\/tags?post=491418"}],"curies":[{"name":"wp","href":"https:\/\/api.w.org\/{rel}","templated":true}]}}