{"id":491449,"date":"2017-08-01T13:30:42","date_gmt":"2017-08-01T18:30:42","guid":{"rendered":"https:\/\/www.futboltotal.com.mx\/?p=491449"},"modified":"2017-08-01T13:43:25","modified_gmt":"2017-08-01T18:43:25","slug":"moreno-compara-insultos-a-osorio-trato-trump-a-mexicanos","status":"publish","type":"post","link":"http:\/\/desarrollo.grupomedios.com\/futbol\/futbol-mexicano\/moreno-compara-insultos-a-osorio-trato-trump-a-mexicanos\/2017\/08","title":{"rendered":"Moreno compara insultos a Osorio con trato de Trump a mexicanos"},"content":{"rendered":"<p>El defensa central de la <strong>Roma<\/strong> y la <strong>Selecci\u00f3n Mexicana<\/strong>, <strong>H\u00e9ctor Moreno<\/strong> defendi\u00f3 al estratega colombiano, <strong>Juan Carlos Osorio<\/strong>, luego de los insultos que se llev\u00f3 de los aficionados mexicanos en su llegada a la Ciudad de M\u00e9xico.<\/p>\n<blockquote><p>\u201cTriste, decepcionante que se tengan qu\u00e9 vivir ese tipo de situaciones; estamos expuestos a la cr\u00edtica porque nuestro trabajo es de dominio p\u00fablico y aceptamos la cr\u00edtica, pero no insultos&#8221;, expres\u00f3 el defensa a<em>BeiN Sports.<\/em><\/p><\/blockquote>\n<p style=\"text-align: center;\"><span style=\"color: #333399;\"><a style=\"color: #333399;\" href=\"https:\/\/www.futboltotal.com.mx\/2017\/08\/chicharito-ya-numero-west-ham\/\" target=\"_blank\" rel=\"noopener noreferrer\">VER M\u00c1S: Chicharito ya tiene dorsal con el West Ham<\/a><\/span><\/p>\n<p>El futbolista realiz\u00f3 un comparativo entre lo sucedido y las experiencias que viven los mexicanos en \u00df\u00a0con la nueva pol\u00edtica implementada por el presidente, <strong>Donald Trump.<\/strong><\/p>\n<blockquote><p>\u201cEs triste que sea as\u00ed por el tema de que como mexicanos, hablando del tema pol\u00edtico con Estados Unidos, que nos quejamos<strong>\u00a0<\/strong>de que c\u00f3mo se trata a los mexicanos en Estados Unidos por lo que pasa con\u00a0<strong>Trump<\/strong>, pero en casa no ponemos el ejemplo de tratar a un extranjero de buena manera o con la mayor cordialidad posible, no es la mayor\u00eda, pero es ese peque\u00f1o grupo de gente y no viene al caso&#8221;, finaliz\u00f3.<\/p><\/blockquote>\n<p style=\"text-align: center;\"><span style=\"color: #333399;\"><a style=\"color: #333399;\" href=\"https:\/\/www.futboltotal.com.mx\/2017\/08\/jugadores-borussia-dortmund-protagonizan-bronca\/\" target=\"_blank\" rel=\"noopener noreferrer\">VER M\u00c1S: Jugadores de Borussia Dortmund protagonizan bronca<\/a><\/span><\/p>\n","protected":false},"excerpt":{"rendered":"<p>El defensa central defendi\u00f3 al t\u00e9cnico del Tri<\/p>\n","protected":false},"author":20,"featured_media":477817,"comment_status":"closed","ping_status":"closed","sticky":false,"template":"","format":"standard","meta":[],"categories":[2198,3847],"tags":[6135,5987,6196],"_links":{"self":[{"href":"http:\/\/desarrollo.grupomedios.com\/futbol\/wp-json\/wp\/v2\/posts\/491449"}],"collection":[{"href":"http:\/\/desarrollo.grupomedios.com\/futbol\/wp-json\/wp\/v2\/posts"}],"about":[{"href":"http:\/\/desarrollo.grupomedios.com\/futbol\/wp-json\/wp\/v2\/types\/post"}],"author":[{"embeddable":true,"href":"http:\/\/desarrollo.grupomedios.com\/futbol\/wp-json\/wp\/v2\/users\/20"}],"replies":[{"embeddable":true,"href":"http:\/\/desarrollo.grupomedios.com\/futbol\/wp-json\/wp\/v2\/comments?post=491449"}],"version-history":[{"count":2,"href":"http:\/\/desarrollo.grupomedios.com\/futbol\/wp-json\/wp\/v2\/posts\/491449\/revisions"}],"predecessor-version":[{"id":491453,"href":"http:\/\/desarrollo.grupomedios.com\/futbol\/wp-json\/wp\/v2\/posts\/491449\/revisions\/491453"}],"wp:featuredmedia":[{"embeddable":true,"href":"http:\/\/desarrollo.grupomedios.com\/futbol\/wp-json\/wp\/v2\/media\/477817"}],"wp:attachment":[{"href":"http:\/\/desarrollo.grupomedios.com\/futbol\/wp-json\/wp\/v2\/media?parent=491449"}],"wp:term":[{"taxonomy":"category","embeddable":true,"href":"http:\/\/desarrollo.grupomedios.com\/futbol\/wp-json\/wp\/v2\/categories?post=491449"},{"taxonomy":"post_tag","embeddable":true,"href":"http:\/\/desarrollo.grupomedios.com\/futbol\/wp-json\/wp\/v2\/tags?post=491449"}],"curies":[{"name":"wp","href":"https:\/\/api.w.org\/{rel}","templated":true}]}}