{"id":491457,"date":"2017-08-01T14:17:20","date_gmt":"2017-08-01T19:17:20","guid":{"rendered":"https:\/\/www.futboltotal.com.mx\/?p=491457"},"modified":"2017-08-01T14:17:20","modified_gmt":"2017-08-01T19:17:20","slug":"gignac-felicita-a-mexicana-ficho-olympique-marsella","status":"publish","type":"post","link":"http:\/\/desarrollo.grupomedios.com\/futbol\/futbol-internacional\/gignac-felicita-a-mexicana-ficho-olympique-marsella\/2017\/08","title":{"rendered":"Gignac felicita a mexicana que fich\u00f3 por el Olympique de Marsella"},"content":{"rendered":"<p>El delantero franc\u00e9s,\u00a0<strong>Andr\u00e9-Pierre Gignac,\u00a0<\/strong>felicit\u00f3 a la mexicana <strong><span style=\"color: #333399;\"><a style=\"color: #333399;\" href=\"https:\/\/www.futboltotal.com.mx\/2017\/07\/cristina-ferral-ficha-con-el-olympique-de-marsella\/\" target=\"_blank\" rel=\"noopener noreferrer\">Cristina Ferral<\/a><\/span><\/strong>, de 24 a\u00f1os, luego de fichar por el <strong>Olympique de Marsella<\/strong>.<\/p>\n<blockquote class=\"twitter-video\" data-lang=\"es\">\n<p dir=\"ltr\" lang=\"es\">OFICIAL \u2705 | La internacional mexicana <a href=\"https:\/\/twitter.com\/cristinaferral\">@cristinaferral<\/a> es nueva jugadora del <a href=\"https:\/\/twitter.com\/OMfeminines\">@OMfeminines<\/a>.<\/p>\n<p>Bienvenida, Cristina! &#x1f1f2;&#x1f1fd; &#x1f64c; <a href=\"https:\/\/t.co\/XN1rqsCLQ4\">pic.twitter.com\/XN1rqsCLQ4<\/a><\/p>\n<p>\u2014 Olympique Marseille (@OM_Espanol) <a href=\"https:\/\/twitter.com\/OM_Espanol\/status\/892420508020617218\">1 de agosto de 2017<\/a><\/p><\/blockquote>\n<p><script async src=\"\/\/platform.twitter.com\/widgets.js\" charset=\"utf-8\"><\/script><\/p>\n<p style=\"text-align: center;\"><span style=\"color: #333399;\"><a style=\"color: #333399;\" href=\"https:\/\/www.futboltotal.com.mx\/2017\/08\/mira-aqui-debut-chicharito-west-ham\/\" target=\"_blank\" rel=\"noopener noreferrer\">VER M\u00c1S: Chicharito debut\u00f3 con el West Ham<\/a><\/span><\/p>\n<p>El delantero de <strong>Tigres<\/strong> escribi\u00f3 un mensaje para felicitar y dar la bienvenida a la mexicana, luego de unirse a las filas del club al que perteneci\u00f3 por 5 a\u00f1os.<\/p>\n<blockquote class=\"twitter-tweet\" data-lang=\"es\">\n<p dir=\"ltr\" lang=\"es\">Quiero felicitar y dar la bienvenida <a href=\"https:\/\/twitter.com\/cristinaferral\">@cristinaferral<\/a> al club m\u00e1s grande de francia <a href=\"https:\/\/twitter.com\/OM_Officiel\">@OM_Officiel<\/a> ,primera mexicana en el campeonato franc\u00e9s&#x1f4aa;&#x1f3fb;<\/p>\n<p>\u2014 Gignac Andre-pierre (@10APG) <a href=\"https:\/\/twitter.com\/10APG\/status\/892434031853281280\">1 de agosto de 2017<\/a><\/p><\/blockquote>\n<p><script async src=\"\/\/platform.twitter.com\/widgets.js\" charset=\"utf-8\"><\/script><\/p>\n<p>Posteriormente, el club le respondi\u00f3 al futbolista galo a trav\u00e9s de su cuenta de Twitter en espa\u00f1ol.<\/p>\n<blockquote class=\"twitter-tweet\" data-lang=\"es\">\n<p dir=\"ltr\" lang=\"fr\">D\u00e9d\u00e9 sabe de lo que habla &#x1f60e;&#x1f1f2;&#x1f1fd; <a href=\"https:\/\/t.co\/MG6Xl1SZID\">https:\/\/t.co\/MG6Xl1SZID<\/a><\/p>\n<p>\u2014 Olympique Marseille (@OM_Espanol) <a href=\"https:\/\/twitter.com\/OM_Espanol\/status\/892439221889363968\">1 de agosto de 2017<\/a><\/p><\/blockquote>\n<p><script async src=\"\/\/platform.twitter.com\/widgets.js\" charset=\"utf-8\"><\/script><\/p>\n<p>Ferral ser\u00e1<strong>\u00a0<\/strong>la primera mexicana que jugar\u00e1 en la liga de futbol femenil de\u00a0<strong>Francia<\/strong>.<\/p>\n<p style=\"text-align: center;\"><span style=\"color: #333399;\"><a style=\"color: #333399;\" href=\"https:\/\/www.futboltotal.com.mx\/2017\/08\/oficial-mateus-uribe-refuerzo-bomba-america\/\" target=\"_blank\" rel=\"noopener noreferrer\">VER M\u00c1S: Am\u00e9rica ya tiene a su fichaje &#8216;bomba&#8217;<\/a><\/span><\/p>\n","protected":false},"excerpt":{"rendered":"<p>El delantero franc\u00e9s le dio la bienvenida al equipo de su pa\u00eds<\/p>\n","protected":false},"author":20,"featured_media":449470,"comment_status":"closed","ping_status":"closed","sticky":false,"template":"","format":"standard","meta":[],"categories":[3839],"tags":[5564,7469],"_links":{"self":[{"href":"http:\/\/desarrollo.grupomedios.com\/futbol\/wp-json\/wp\/v2\/posts\/491457"}],"collection":[{"href":"http:\/\/desarrollo.grupomedios.com\/futbol\/wp-json\/wp\/v2\/posts"}],"about":[{"href":"http:\/\/desarrollo.grupomedios.com\/futbol\/wp-json\/wp\/v2\/types\/post"}],"author":[{"embeddable":true,"href":"http:\/\/desarrollo.grupomedios.com\/futbol\/wp-json\/wp\/v2\/users\/20"}],"replies":[{"embeddable":true,"href":"http:\/\/desarrollo.grupomedios.com\/futbol\/wp-json\/wp\/v2\/comments?post=491457"}],"version-history":[{"count":1,"href":"http:\/\/desarrollo.grupomedios.com\/futbol\/wp-json\/wp\/v2\/posts\/491457\/revisions"}],"predecessor-version":[{"id":491460,"href":"http:\/\/desarrollo.grupomedios.com\/futbol\/wp-json\/wp\/v2\/posts\/491457\/revisions\/491460"}],"wp:featuredmedia":[{"embeddable":true,"href":"http:\/\/desarrollo.grupomedios.com\/futbol\/wp-json\/wp\/v2\/media\/449470"}],"wp:attachment":[{"href":"http:\/\/desarrollo.grupomedios.com\/futbol\/wp-json\/wp\/v2\/media?parent=491457"}],"wp:term":[{"taxonomy":"category","embeddable":true,"href":"http:\/\/desarrollo.grupomedios.com\/futbol\/wp-json\/wp\/v2\/categories?post=491457"},{"taxonomy":"post_tag","embeddable":true,"href":"http:\/\/desarrollo.grupomedios.com\/futbol\/wp-json\/wp\/v2\/tags?post=491457"}],"curies":[{"name":"wp","href":"https:\/\/api.w.org\/{rel}","templated":true}]}}