{"id":491483,"date":"2017-08-01T15:46:09","date_gmt":"2017-08-01T20:46:09","guid":{"rendered":"https:\/\/www.futboltotal.com.mx\/?p=491483"},"modified":"2017-08-01T15:46:09","modified_gmt":"2017-08-01T20:46:09","slug":"gran-reencuentro-kaka-sergio-ramos","status":"publish","type":"post","link":"http:\/\/desarrollo.grupomedios.com\/futbol\/futbol-internacional\/gran-reencuentro-kaka-sergio-ramos\/2017\/08","title":{"rendered":"Gran reencuentro entre Kak\u00e1 y Sergio Ramos"},"content":{"rendered":"<p><strong>Sergio Ramos<\/strong> presumi\u00f3 en su cuenta de Twitter una foto en la que aparece con su ex compa\u00f1ero en el Real Madrid, <strong>Kak\u00e1<\/strong>.<\/p>\n<p>El defensa espa\u00f1ol y el mediocampista brasile\u00f1o fueron compa\u00f1eros en la escuadra madridista del 2009 al 2013.<\/p>\n<p style=\"text-align: center;\"><span style=\"color: #333399;\"><a style=\"color: #333399;\" href=\"https:\/\/www.futboltotal.com.mx\/2017\/08\/gignac-felicita-a-mexicana-ficho-olympique-marsella\/\">VER M\u00c1S:\u00a0<span class=\"item-title\">Gignac felicita a mexicana que fich\u00f3 por el Olympique de Marsella<\/span><\/a><\/span><\/p>\n<p>Ambos jugadores estar\u00e1n presentes en el duelo de este mi\u00e9rcoles entre las <strong>estrellas de la MLS y el Real Madrid<\/strong>.<\/p>\n<p>Actualmente, Kak\u00e1 se encuentra en su tercer a\u00f1o en la MLS con en el Orlando City.<\/p>\n<p style=\"text-align: center;\"><span style=\"color: #333399;\"><a style=\"color: #333399;\" href=\"https:\/\/www.futboltotal.com.mx\/2017\/08\/mira-aqui-debut-chicharito-west-ham\/\">VER M\u00c1S:\u00a0<span class=\"item-title\">Mira aqu\u00ed el debut de Chicharito con el West Ham<\/span><\/a><\/span><\/p>\n","protected":false},"excerpt":{"rendered":"<p>Los dos futbolistas estar\u00e1n en el duelo entre las estrellas de la MLS contra el Real Madrid<\/p>\n","protected":false},"author":20,"featured_media":491493,"comment_status":"closed","ping_status":"closed","sticky":false,"template":"","format":"standard","meta":[],"categories":[3839],"tags":[211,9580,5988,6020],"_links":{"self":[{"href":"http:\/\/desarrollo.grupomedios.com\/futbol\/wp-json\/wp\/v2\/posts\/491483"}],"collection":[{"href":"http:\/\/desarrollo.grupomedios.com\/futbol\/wp-json\/wp\/v2\/posts"}],"about":[{"href":"http:\/\/desarrollo.grupomedios.com\/futbol\/wp-json\/wp\/v2\/types\/post"}],"author":[{"embeddable":true,"href":"http:\/\/desarrollo.grupomedios.com\/futbol\/wp-json\/wp\/v2\/users\/20"}],"replies":[{"embeddable":true,"href":"http:\/\/desarrollo.grupomedios.com\/futbol\/wp-json\/wp\/v2\/comments?post=491483"}],"version-history":[{"count":1,"href":"http:\/\/desarrollo.grupomedios.com\/futbol\/wp-json\/wp\/v2\/posts\/491483\/revisions"}],"predecessor-version":[{"id":491494,"href":"http:\/\/desarrollo.grupomedios.com\/futbol\/wp-json\/wp\/v2\/posts\/491483\/revisions\/491494"}],"wp:featuredmedia":[{"embeddable":true,"href":"http:\/\/desarrollo.grupomedios.com\/futbol\/wp-json\/wp\/v2\/media\/491493"}],"wp:attachment":[{"href":"http:\/\/desarrollo.grupomedios.com\/futbol\/wp-json\/wp\/v2\/media?parent=491483"}],"wp:term":[{"taxonomy":"category","embeddable":true,"href":"http:\/\/desarrollo.grupomedios.com\/futbol\/wp-json\/wp\/v2\/categories?post=491483"},{"taxonomy":"post_tag","embeddable":true,"href":"http:\/\/desarrollo.grupomedios.com\/futbol\/wp-json\/wp\/v2\/tags?post=491483"}],"curies":[{"name":"wp","href":"https:\/\/api.w.org\/{rel}","templated":true}]}}