{"id":491491,"date":"2017-08-01T15:50:56","date_gmt":"2017-08-01T20:50:56","guid":{"rendered":"https:\/\/www.futboltotal.com.mx\/?p=491491"},"modified":"2017-08-01T15:50:56","modified_gmt":"2017-08-01T20:50:56","slug":"imposible-la-llegada-cirilo-saucedo-a-lobos-buap","status":"publish","type":"post","link":"http:\/\/desarrollo.grupomedios.com\/futbol\/futbol-mexicano\/imposible-la-llegada-cirilo-saucedo-a-lobos-buap\/2017\/08","title":{"rendered":"\u00bfPor qu\u00e9 es imposible la llegada de Cirilo Saucedo a Lobos BUAP?"},"content":{"rendered":"<p>Luego de la lesi\u00f3n que sufri\u00f3 <strong>Lucero \u00c1lvarez<\/strong>, portero titular de <strong>Lobos BUAP<\/strong>, la &#8216;manada&#8217; est\u00e1 en urgencia para conseguir un nuevo cancerbero.<\/p>\n<p>De inmediato se comenz\u00f3 a manejar entre las opciones, el nombre de <span style=\"color: #333399;\"><a style=\"color: #333399;\" href=\"https:\/\/www.futboltotal.com.mx\/2017\/07\/cirilo-saucedo-candidato-a-suplir-a-lucero-alvarez-en-lobos-buap\/\" target=\"_blank\" rel=\"noopener noreferrer\"><strong>Cirilo Saucedo<\/strong>, quien para la directiva era una opci\u00f3n<\/a><\/span>, y el \u00fanico impedimento que ve\u00edan, eran sus pretensiones econ\u00f3micas.<\/p>\n<p style=\"text-align: center;\"><span style=\"color: #333399;\"><a style=\"color: #333399;\" href=\"https:\/\/www.futboltotal.com.mx\/2017\/08\/no-soy-idolo-cecilio-dominguez\/\" target=\"_blank\" rel=\"noopener noreferrer\">VER M\u00c1S: Este americanista no se piensa como un \u00eddolo<\/a><\/span><\/p>\n<p>Sin embargo, hay una raz\u00f3n contundente por la que Saucedo no podr\u00e1 jugar con Lobos:<\/p>\n<p>De acuerdo con el periodista, <em>David Medrano<\/em>, es imposible que suceda esto, pues Saucedo jug\u00f3 el\u00a0torneo anterior con <strong>Bravos de Ju\u00e1rez<\/strong> y luego de no haber sido negociado en el <strong>Draft<\/strong>, no puede ser contratado ahora. As\u00ed lo estipula el reglamento.<\/p>\n<p>Por lo mismo, la<strong> &#8216;Manada&#8217;<\/strong> debe buscar un arquero que no haya jugado el torneo anterior en M\u00e9xico.<\/p>\n<p style=\"text-align: center;\"><span style=\"color: #333399;\"><a style=\"color: #333399;\" href=\"https:\/\/www.futboltotal.com.mx\/2017\/08\/mira-aqui-debut-chicharito-west-ham\/\" target=\"_blank\" rel=\"noopener noreferrer\">VER M\u00c1S: Chicharito debut\u00f3 con West Ham \u00bfC\u00f3mo le fue?<\/a><\/span><\/p>\n<p>&nbsp;<\/p>\n","protected":false},"excerpt":{"rendered":"<p>El arquero titular, Lucero \u00c1lvarez, sufri\u00f3 una grave lesi\u00f3n<\/p>\n","protected":false},"author":20,"featured_media":467833,"comment_status":"closed","ping_status":"closed","sticky":false,"template":"","format":"standard","meta":[],"categories":[2198,3845],"tags":[8357,449,64,431],"_links":{"self":[{"href":"http:\/\/desarrollo.grupomedios.com\/futbol\/wp-json\/wp\/v2\/posts\/491491"}],"collection":[{"href":"http:\/\/desarrollo.grupomedios.com\/futbol\/wp-json\/wp\/v2\/posts"}],"about":[{"href":"http:\/\/desarrollo.grupomedios.com\/futbol\/wp-json\/wp\/v2\/types\/post"}],"author":[{"embeddable":true,"href":"http:\/\/desarrollo.grupomedios.com\/futbol\/wp-json\/wp\/v2\/users\/20"}],"replies":[{"embeddable":true,"href":"http:\/\/desarrollo.grupomedios.com\/futbol\/wp-json\/wp\/v2\/comments?post=491491"}],"version-history":[{"count":1,"href":"http:\/\/desarrollo.grupomedios.com\/futbol\/wp-json\/wp\/v2\/posts\/491491\/revisions"}],"predecessor-version":[{"id":491496,"href":"http:\/\/desarrollo.grupomedios.com\/futbol\/wp-json\/wp\/v2\/posts\/491491\/revisions\/491496"}],"wp:featuredmedia":[{"embeddable":true,"href":"http:\/\/desarrollo.grupomedios.com\/futbol\/wp-json\/wp\/v2\/media\/467833"}],"wp:attachment":[{"href":"http:\/\/desarrollo.grupomedios.com\/futbol\/wp-json\/wp\/v2\/media?parent=491491"}],"wp:term":[{"taxonomy":"category","embeddable":true,"href":"http:\/\/desarrollo.grupomedios.com\/futbol\/wp-json\/wp\/v2\/categories?post=491491"},{"taxonomy":"post_tag","embeddable":true,"href":"http:\/\/desarrollo.grupomedios.com\/futbol\/wp-json\/wp\/v2\/tags?post=491491"}],"curies":[{"name":"wp","href":"https:\/\/api.w.org\/{rel}","templated":true}]}}