{"id":491500,"date":"2017-08-01T16:17:13","date_gmt":"2017-08-01T21:17:13","guid":{"rendered":"https:\/\/www.futboltotal.com.mx\/?p=491500"},"modified":"2017-08-01T16:17:13","modified_gmt":"2017-08-01T21:17:13","slug":"villalpando-se-perfila-para-suplir-a-alvarez-en-lobos-buap","status":"publish","type":"post","link":"http:\/\/desarrollo.grupomedios.com\/futbol\/destacado-home\/villalpando-se-perfila-para-suplir-a-alvarez-en-lobos-buap\/2017\/08","title":{"rendered":"Villalpando se perfila para suplir a \u00c1lvarez en Lobos Buap"},"content":{"rendered":"<p>Tras la lesi\u00f3n del arquero <strong><a href=\"https:\/\/www.futboltotal.com.mx\/2017\/07\/portero-de-lobos-buap-fuera-hasta-seis-semanas\/\" target=\"_blank\" rel=\"noopener noreferrer\"><span style=\"color: #333399;\">Lucero \u00c1lvarez<\/span><\/a>, <a href=\"https:\/\/www.futboltotal.com.mx\/2017\/08\/lobos-buap-cerca-llegar-a-espn\/\" target=\"_blank\" rel=\"noopener noreferrer\"><span style=\"color: #333399;\">Lobos BUAP<\/span><\/a><\/strong> se encuentra en busca de un sustituto para suplir la baja del guardameta que sufri\u00f3 triple fractura en el p\u00f3mulo. El nombre de <a href=\"https:\/\/www.futboltotal.com.mx\/2017\/07\/cirilo-saucedo-candidato-a-suplir-a-lucero-alvarez-en-lobos-buap\/\" target=\"_blank\" rel=\"noopener noreferrer\"><span style=\"color: #333399;\"><strong>Cirilo Saucedo<\/strong><\/span><\/a> estuvo en la baraja del conjunto poblano; sin embargo, sus altas expectativas econ\u00f3micas habr\u00edan imposibilitado el arribo del veterano portero.<\/p>\n<p style=\"text-align: center;\"><a href=\"https:\/\/www.futboltotal.com.mx\/2017\/08\/agente-neymar-luz-verde-va-rumbo-a-paris\/\" target=\"_blank\" rel=\"noopener noreferrer\"><span style=\"color: #333399;\">VER M\u00c1S:\u00a0Agente de Neymar tiene \u2018luz verde\u2019 y va rumbo a Par\u00eds<\/span><\/a><\/p>\n<p>En la pr\u00e1ctica del d\u00eda de ayer de <strong>Lobos<\/strong> se pudo ver al exguardameta de <a href=\"https:\/\/www.futboltotal.com.mx\/2017\/06\/jaguares-chiapas-resurgira-en-futbol-mexicano\/\" target=\"_blank\" rel=\"noopener noreferrer\"><span style=\"color: #333399;\"><strong>Jaguares de Chiapas<\/strong><\/span><\/a> y<strong><a href=\"https:\/\/www.futboltotal.com.mx\/2017\/07\/en-vivo-xolos-vs-puebla-copa-mx-futbol-total\/\" target=\"_blank\" rel=\"noopener noreferrer\"><span style=\"color: #333399;\"> Puebla<\/span><\/a>, <a href=\"https:\/\/www.futboltotal.com.mx\/2015\/05\/villalpando-le-regala-un-gol-a-chivas\/\" target=\"_blank\" rel=\"noopener noreferrer\"><span style=\"color: #333399;\">Jorge Villalpando<\/span><\/a><\/strong>, presenciando los trabajos de la escuadra poblana.<\/p>\n<p>Aunque la directiva del <em>Lic\u00e1ntropo<\/em> no se ha pronunciado al respecto,<a href=\"https:\/\/www.futboltotal.com.mx\/2017\/07\/rafael-puente-jr-confirma-a-jonathan-fabbro-refuerzo\/\" target=\"_blank\" rel=\"noopener noreferrer\"><span style=\"color: #333399;\"><strong> Rafael Puente Jr<\/strong><\/span><\/a>., dej\u00f3 ver en entrevista con ESPN que buscar\u00eda regresar del retiro a un guardameta, dejando abierta la posibilidad del regreso de<strong> Villalpando<\/strong>, quien habr\u00eda decidido salir del retiro, por lo que en cuesti\u00f3n de d\u00edas podr\u00eda concretarse su fichaje con los universitarios.<\/p>\n<p style=\"text-align: center;\"><a href=\"https:\/\/www.futboltotal.com.mx\/2017\/08\/leon-ratifica-a-javier-torrente-al-menos-hasta-el-duelo-ante-cruz-azul\/\" target=\"_blank\" rel=\"noopener noreferrer\"><span style=\"color: #333399;\">VER M\u00c1S:\u00a0Le\u00f3n ratifica a Javier Torrente al menos hasta el duelo ante Cruz Azul<\/span><\/a><\/p>\n<p>En caso de cerrarse el fichaje, <strong>Villalpando<\/strong> tendr\u00eda que pelar por un puesto titular con <strong>Jos\u00e9 Francisco Canales.<\/strong><\/p>\n","protected":false},"excerpt":{"rendered":"<p>Villalpando ser\u00eda el sustituto de Lucero \u00c1lvarez<\/p>\n","protected":false},"author":20,"featured_media":491503,"comment_status":"closed","ping_status":"closed","sticky":false,"template":"","format":"standard","meta":[],"categories":[5,2198,3845],"tags":[449,766,431,9551],"_links":{"self":[{"href":"http:\/\/desarrollo.grupomedios.com\/futbol\/wp-json\/wp\/v2\/posts\/491500"}],"collection":[{"href":"http:\/\/desarrollo.grupomedios.com\/futbol\/wp-json\/wp\/v2\/posts"}],"about":[{"href":"http:\/\/desarrollo.grupomedios.com\/futbol\/wp-json\/wp\/v2\/types\/post"}],"author":[{"embeddable":true,"href":"http:\/\/desarrollo.grupomedios.com\/futbol\/wp-json\/wp\/v2\/users\/20"}],"replies":[{"embeddable":true,"href":"http:\/\/desarrollo.grupomedios.com\/futbol\/wp-json\/wp\/v2\/comments?post=491500"}],"version-history":[{"count":1,"href":"http:\/\/desarrollo.grupomedios.com\/futbol\/wp-json\/wp\/v2\/posts\/491500\/revisions"}],"predecessor-version":[{"id":491504,"href":"http:\/\/desarrollo.grupomedios.com\/futbol\/wp-json\/wp\/v2\/posts\/491500\/revisions\/491504"}],"wp:featuredmedia":[{"embeddable":true,"href":"http:\/\/desarrollo.grupomedios.com\/futbol\/wp-json\/wp\/v2\/media\/491503"}],"wp:attachment":[{"href":"http:\/\/desarrollo.grupomedios.com\/futbol\/wp-json\/wp\/v2\/media?parent=491500"}],"wp:term":[{"taxonomy":"category","embeddable":true,"href":"http:\/\/desarrollo.grupomedios.com\/futbol\/wp-json\/wp\/v2\/categories?post=491500"},{"taxonomy":"post_tag","embeddable":true,"href":"http:\/\/desarrollo.grupomedios.com\/futbol\/wp-json\/wp\/v2\/tags?post=491500"}],"curies":[{"name":"wp","href":"https:\/\/api.w.org\/{rel}","templated":true}]}}