{"id":491522,"date":"2017-08-02T12:54:35","date_gmt":"2017-08-02T17:54:35","guid":{"rendered":"https:\/\/www.futboltotal.com.mx\/?p=491522"},"modified":"2017-08-02T22:58:03","modified_gmt":"2017-08-03T03:58:03","slug":"en-vivo-mls-all-star-vs-real-madrid","status":"publish","type":"post","link":"http:\/\/desarrollo.grupomedios.com\/futbol\/futbol-internacional\/en-vivo-mls-all-star-vs-real-madrid\/2017\/08","title":{"rendered":"AS\u00cd SE VIVI\u00d3 | MLS All Stars 3-5 Real Madrid"},"content":{"rendered":"<p style=\"text-align: center;\"><span style=\"color: #333399;\"><a style=\"color: #333399;\" href=\"https:\/\/en-vivo.futboltotal.com.mx\/partido\/mls-all-stars-vs-real-madrid\/175\/\">SIGUE AQU\u00cd EN VIVO EL MLS ALL STARS VS. REAL MADRID EN PUNTO DE LAS 20:00 HORAS<\/a><\/span><\/p>\n<p>Las estrellas de la MLS enfrentar\u00e1n al <strong>Real Madrid<\/strong> en un duelo amistoso que se llevar\u00e1 a cabo este mi\u00e9rcoles 2 de agosto a las 20:30 horas en el Soldier Field de Chicago, Illinois.<\/p>\n<p>El Real Madrid ha sido el equipo invitado para disputar el juego contra la MLS All Stars de medio torneo en Estados Unidos.<\/p>\n<p><strong>MLS All Stars<\/strong> tiene a su once inicial definido para enfrentar a los madridistas: Tim Howard;\u00a0DaMarcus Beasley, Graham Zusi, Greg Garza; Kak\u00e1, Michael Bradley, Bastian Schweinsteiger, Miguel Almir\u00f3n; Sebastian Giovinco, David Villa y Nemanja Nikolic.<\/p>\n<p style=\"text-align: center;\"><span style=\"color: #333399;\"><a style=\"color: #333399;\" href=\"https:\/\/en-vivo.futboltotal.com.mx\/partido\/mls-all-stars-vs-real-madrid\/175\/\">SIGUE AQU\u00cd EN VIVO EL MLS ALL STARS VS. REAL MADRID EN PUNTO DE LAS 20:00 HORAS<\/a><\/span><\/p>\n","protected":false},"excerpt":{"rendered":"<p>Los once elegidos de la MLS jugar\u00e1n contra el campe\u00f3n de Espa\u00f1a y de la Champions League<\/p>\n","protected":false},"author":20,"featured_media":491795,"comment_status":"closed","ping_status":"closed","sticky":false,"template":"","format":"standard","meta":[],"categories":[3839],"tags":[9580,5988],"_links":{"self":[{"href":"http:\/\/desarrollo.grupomedios.com\/futbol\/wp-json\/wp\/v2\/posts\/491522"}],"collection":[{"href":"http:\/\/desarrollo.grupomedios.com\/futbol\/wp-json\/wp\/v2\/posts"}],"about":[{"href":"http:\/\/desarrollo.grupomedios.com\/futbol\/wp-json\/wp\/v2\/types\/post"}],"author":[{"embeddable":true,"href":"http:\/\/desarrollo.grupomedios.com\/futbol\/wp-json\/wp\/v2\/users\/20"}],"replies":[{"embeddable":true,"href":"http:\/\/desarrollo.grupomedios.com\/futbol\/wp-json\/wp\/v2\/comments?post=491522"}],"version-history":[{"count":7,"href":"http:\/\/desarrollo.grupomedios.com\/futbol\/wp-json\/wp\/v2\/posts\/491522\/revisions"}],"predecessor-version":[{"id":491821,"href":"http:\/\/desarrollo.grupomedios.com\/futbol\/wp-json\/wp\/v2\/posts\/491522\/revisions\/491821"}],"wp:featuredmedia":[{"embeddable":true,"href":"http:\/\/desarrollo.grupomedios.com\/futbol\/wp-json\/wp\/v2\/media\/491795"}],"wp:attachment":[{"href":"http:\/\/desarrollo.grupomedios.com\/futbol\/wp-json\/wp\/v2\/media?parent=491522"}],"wp:term":[{"taxonomy":"category","embeddable":true,"href":"http:\/\/desarrollo.grupomedios.com\/futbol\/wp-json\/wp\/v2\/categories?post=491522"},{"taxonomy":"post_tag","embeddable":true,"href":"http:\/\/desarrollo.grupomedios.com\/futbol\/wp-json\/wp\/v2\/tags?post=491522"}],"curies":[{"name":"wp","href":"https:\/\/api.w.org\/{rel}","templated":true}]}}