{"id":491544,"date":"2017-08-01T17:55:04","date_gmt":"2017-08-01T22:55:04","guid":{"rendered":"https:\/\/www.futboltotal.com.mx\/?p=491544"},"modified":"2017-08-01T19:12:31","modified_gmt":"2017-08-02T00:12:31","slug":"alfredo-talaver-fue-operado-satisfactoriamente","status":"publish","type":"post","link":"http:\/\/desarrollo.grupomedios.com\/futbol\/destacado-home\/alfredo-talaver-fue-operado-satisfactoriamente\/2017\/08","title":{"rendered":"Alfredo Talavera fue operado satisfactoriamente"},"content":{"rendered":"<p>El portero de los<em> Diablos Rojos<\/em> del <strong><a href=\"https:\/\/www.futboltotal.com.mx\/2017\/07\/independiente-quiere-robarse-a-enrique-triverio-toluca\/\" target=\"_blank\" rel=\"noopener noreferrer\"><span style=\"color: #333399;\">Toluca<\/span><\/a>, <a href=\"https:\/\/www.futboltotal.com.mx\/2017\/08\/jesus-corona-le-deseo-una-pronta-recuperacion-a-talavera\/\" target=\"_blank\" rel=\"noopener noreferrer\"><span style=\"color: #333399;\">Alfredo Talavera<\/span><\/a><\/strong>, fue operado satisfactoriamente este martes de la rodilla izquierda, tras la rotura de ligamentos que sufriera el domingo pasado en la cancha del <strong>Nemesio Diez<\/strong> ante el<strong><a href=\"https:\/\/www.futboltotal.com.mx\/2017\/08\/leon-ratifica-a-javier-torrente-al-menos-hasta-el-duelo-ante-cruz-azul\/\" target=\"_blank\" rel=\"noopener noreferrer\"><span style=\"color: #333399;\"> Le\u00f3n<\/span><\/a>.<\/strong><\/p>\n<p>El cuerpo m\u00e9dico del conjunto Choricero y de la<strong> Selecci\u00f3n Mexicana<\/strong>, encabezado por <strong>Jos\u00e9 Luis Serrano<\/strong>, habl\u00f3 con los medios de comunicaci\u00f3n sobre la operaci\u00f3n a la que fue sometido el guardameta mexicano y lo que le espera en la recuperaci\u00f3n.<\/p>\n<p style=\"text-align: center;\"><a href=\"https:\/\/www.futboltotal.com.mx\/2017\/08\/el-negro-medida-pudo-traicionar-a-america-y-firmar-con-chivas\/\" target=\"_blank\" rel=\"noopener noreferrer\"><span style=\"color: #333399;\">VER M\u00c1S:\u00a0El \u2018Negro\u2019 Medina pudo traicionar a Am\u00e9rica y firmar con Chivas<\/span><\/a><\/p>\n<blockquote><p>\u201cEl momento en que apoye el pie se decidir\u00e1 de acuerdo a la evoluci\u00f3n de su recuperaci\u00f3n que regularmente es de tres semanas, pero su rehabilitaci\u00f3n iniciar\u00e1 de inmediato. Seis meses es el est\u00e1ndar de recuperaci\u00f3n; tenemos que esperar ese tiempo para asegurar que tenga todav\u00eda bastante tiempo de seguir jugando al nivel que lo hace\u201d.<\/p><\/blockquote>\n<p style=\"text-align: center;\"><a href=\"https:\/\/www.futboltotal.com.mx\/2017\/08\/griezmann-desata-rumores-partida-al-barcelona\/\" target=\"_blank\" rel=\"noopener noreferrer\"><span style=\"color: #333399;\">VER M\u00c1S:\u00a0Griezmann desata rumores de su partida al Barcelona<\/span><\/a><\/p>\n<p>Respecto al estado de \u00e1nimo de \u2018Tala\u2019, <strong>Serrano<\/strong> asegur\u00f3 que se encuentra muy tranquilo, situaci\u00f3n que le servir\u00e1 de mucho para una pronta recuperaci\u00f3n.<\/p>\n<blockquote><p>\u201cEst\u00e1 tranquilo, desde que se le tiene dar la noticia de que tiene que parar seis mese para recuperarse no es nada satisfactorio para un deportista, pero \u00e9l lo tom\u00f3 como parte de su profesi\u00f3n\u201d.<\/p><\/blockquote>\n<p style=\"text-align: center;\"><a href=\"https:\/\/www.futboltotal.com.mx\/2017\/08\/sportflix-plataforma-que-revolucionara-el-mundo-de-los-deportes\/\" target=\"_blank\" rel=\"noopener noreferrer\"><span style=\"color: #333399;\">VER M\u00c1S:\u00a0Sportflix, plataforma que revolucionar\u00e1 el mundo de los deportes<\/span><\/a><\/p>\n","protected":false},"excerpt":{"rendered":"<p>Alfredo Talavera fue opera con \u00e9xito<\/p>\n","protected":false},"author":20,"featured_media":491280,"comment_status":"closed","ping_status":"closed","sticky":false,"template":"","format":"standard","meta":[],"categories":[5,2198,3845],"tags":[4182,223,654,3323,5968],"_links":{"self":[{"href":"http:\/\/desarrollo.grupomedios.com\/futbol\/wp-json\/wp\/v2\/posts\/491544"}],"collection":[{"href":"http:\/\/desarrollo.grupomedios.com\/futbol\/wp-json\/wp\/v2\/posts"}],"about":[{"href":"http:\/\/desarrollo.grupomedios.com\/futbol\/wp-json\/wp\/v2\/types\/post"}],"author":[{"embeddable":true,"href":"http:\/\/desarrollo.grupomedios.com\/futbol\/wp-json\/wp\/v2\/users\/20"}],"replies":[{"embeddable":true,"href":"http:\/\/desarrollo.grupomedios.com\/futbol\/wp-json\/wp\/v2\/comments?post=491544"}],"version-history":[{"count":3,"href":"http:\/\/desarrollo.grupomedios.com\/futbol\/wp-json\/wp\/v2\/posts\/491544\/revisions"}],"predecessor-version":[{"id":491551,"href":"http:\/\/desarrollo.grupomedios.com\/futbol\/wp-json\/wp\/v2\/posts\/491544\/revisions\/491551"}],"wp:featuredmedia":[{"embeddable":true,"href":"http:\/\/desarrollo.grupomedios.com\/futbol\/wp-json\/wp\/v2\/media\/491280"}],"wp:attachment":[{"href":"http:\/\/desarrollo.grupomedios.com\/futbol\/wp-json\/wp\/v2\/media?parent=491544"}],"wp:term":[{"taxonomy":"category","embeddable":true,"href":"http:\/\/desarrollo.grupomedios.com\/futbol\/wp-json\/wp\/v2\/categories?post=491544"},{"taxonomy":"post_tag","embeddable":true,"href":"http:\/\/desarrollo.grupomedios.com\/futbol\/wp-json\/wp\/v2\/tags?post=491544"}],"curies":[{"name":"wp","href":"https:\/\/api.w.org\/{rel}","templated":true}]}}