{"id":491554,"date":"2017-08-01T17:58:23","date_gmt":"2017-08-01T22:58:23","guid":{"rendered":"https:\/\/www.futboltotal.com.mx\/?p=491554"},"modified":"2017-08-01T19:59:48","modified_gmt":"2017-08-02T00:59:48","slug":"giovani-envio-mensaje-a-quienes-critican-a-la-mls-y-a-jonathan","status":"publish","type":"post","link":"http:\/\/desarrollo.grupomedios.com\/futbol\/destacado-home\/giovani-envio-mensaje-a-quienes-critican-a-la-mls-y-a-jonathan\/2017\/08","title":{"rendered":"Giovani envi\u00f3 mensaje a quienes critican a la MLS y a Jonathan"},"content":{"rendered":"<p>La salida de<a href=\"https:\/\/www.futboltotal.com.mx\/2017\/07\/jonathan-dos-santos-firma-con-galaxy\/\" target=\"_blank\" rel=\"noopener noreferrer\"><span style=\"color: #333399;\"><strong> Jonathan Dos Santos<\/strong><\/span><\/a> del <a href=\"https:\/\/www.futboltotal.com.mx\/2017\/08\/jonathan-dos-santos-despide-villarreal\/\" target=\"_blank\" rel=\"noopener noreferrer\"><span style=\"color: #333399;\"><strong>Villarreal<\/strong><\/span><\/a> para fichar con el <a href=\"https:\/\/www.futboltotal.com.mx\/2017\/07\/jonathan-dos-santos-recibio-una-bienvenida-espectacular-del-galaxy\/\" target=\"_blank\" rel=\"noopener noreferrer\"><span style=\"color: #333399;\"><strong>Galaxy<\/strong><\/span><\/a> de <strong>Los \u00c1ngeles<\/strong> de la <a href=\"https:\/\/www.futboltotal.com.mx\/2017\/08\/en-vivo-mls-all-star-vs-real-madrid\/\" target=\"_blank\" rel=\"noopener noreferrer\"><span style=\"color: #333399;\"><strong>MLS<\/strong><\/span><\/a> fue duramente criticada, por lo que <a href=\"https:\/\/www.futboltotal.com.mx\/2017\/07\/giovani-dos-santos-convocado-jugar-vs-real-madrid\/\" target=\"_blank\" rel=\"noopener noreferrer\"><span style=\"color: #333399;\"><strong>Giovani Dos Santos<\/strong><\/span><\/a> sali\u00f3 en defensa de su hermano y de la liga de los <strong>Estados Unidos<\/strong>, en entrevista para TDN.<\/p>\n<blockquote><p>\u201cEn lo personal \u00bfQu\u00e9 puedo decir? Feliz de estar con m\u00ed hermano, de que otra vez vamos a volver a jugar juntos. Un jugador de su calidad siempre es bienvenido en cualquier club. El que est\u00e1 aqu\u00ed y juega en la liga sabe el nivel de competitividad que hay, tiene que ser igual de profesional que en cualquier parte del mundo\u201d.<\/p>\n<p style=\"text-align: center;\"><a href=\"https:\/\/www.futboltotal.com.mx\/2017\/08\/el-negro-medida-pudo-traicionar-a-america-y-firmar-con-chivas\/\" target=\"_blank\" rel=\"noopener noreferrer\"><span style=\"color: #333399;\">VER M\u00c1S:\u00a0El \u2018Negro\u2019 Medina pudo traicionar a Am\u00e9rica y firmar con Chivas<\/span><\/a><\/p>\n<\/blockquote>\n<p>As\u00ed mismo,<em> Gio<\/em> asever\u00f3 que muchos jugadores habr\u00edan dado mucho por estar en los zapatos de su hermano.<\/p>\n<blockquote><p>\u201cCada a\u00f1o esta liga va creciendo much\u00edsimo m\u00e1s \u00bfNo? Cada vez que m\u00e1s jugadores vienen aqu\u00ed a incrementar el nivel y bueno, yo la verdad desde que he llegado aqu\u00ed he seguido prepar\u00e1ndome bien y me encuentro feliz en el equipo\u201d.<\/p>\n<p style=\"text-align: center;\"><a href=\"https:\/\/www.futboltotal.com.mx\/2017\/08\/alfredo-talaver-fue-operado-satisfactoriamente\/\" target=\"_blank\" rel=\"noopener noreferrer\"><span style=\"color: #333399;\">VER M\u00c1S:\u00a0Alfredo Talavera fue operado satisfactoriamente<\/span><\/a><\/p>\n<\/blockquote>\n<p>&nbsp;<\/p>\n<blockquote class=\"twitter-video\" data-lang=\"es\">\n<p dir=\"ltr\" lang=\"es\"><a href=\"https:\/\/twitter.com\/hashtag\/Video?src=hash\">#Video<\/a> <a href=\"https:\/\/twitter.com\/hashtag\/TR3S60?src=hash\">#TR3S60<\/a><\/p>\n<p>Sobre la llegada de <a href=\"https:\/\/twitter.com\/jona2santos\">@jona2santos<\/a> a la MLS&#8230;<a href=\"https:\/\/twitter.com\/OficialGio\">@OficialGio<\/a> nos da su opini\u00f3n sobre la decisi\u00f3n del menor de los Dos Santos <a href=\"https:\/\/t.co\/btaLlcr1RH\">pic.twitter.com\/btaLlcr1RH<\/a><\/p>\n<p>\u2014 TDN (@tdn_twit) <a href=\"https:\/\/twitter.com\/tdn_twit\/status\/892504791326363650\">1 de agosto de 2017<\/a><\/p><\/blockquote>\n<p><script async src=\"\/\/platform.twitter.com\/widgets.js\" charset=\"utf-8\"><\/script><\/p>\n","protected":false},"excerpt":{"rendered":"<p>Gio sali\u00f3 en defensa de Jonathan y de la MLS<\/p>\n","protected":false},"author":20,"featured_media":491557,"comment_status":"closed","ping_status":"closed","sticky":false,"template":"","format":"standard","meta":[],"categories":[5,3839,6718],"tags":[416,5982,48,195,2607],"_links":{"self":[{"href":"http:\/\/desarrollo.grupomedios.com\/futbol\/wp-json\/wp\/v2\/posts\/491554"}],"collection":[{"href":"http:\/\/desarrollo.grupomedios.com\/futbol\/wp-json\/wp\/v2\/posts"}],"about":[{"href":"http:\/\/desarrollo.grupomedios.com\/futbol\/wp-json\/wp\/v2\/types\/post"}],"author":[{"embeddable":true,"href":"http:\/\/desarrollo.grupomedios.com\/futbol\/wp-json\/wp\/v2\/users\/20"}],"replies":[{"embeddable":true,"href":"http:\/\/desarrollo.grupomedios.com\/futbol\/wp-json\/wp\/v2\/comments?post=491554"}],"version-history":[{"count":2,"href":"http:\/\/desarrollo.grupomedios.com\/futbol\/wp-json\/wp\/v2\/posts\/491554\/revisions"}],"predecessor-version":[{"id":491559,"href":"http:\/\/desarrollo.grupomedios.com\/futbol\/wp-json\/wp\/v2\/posts\/491554\/revisions\/491559"}],"wp:featuredmedia":[{"embeddable":true,"href":"http:\/\/desarrollo.grupomedios.com\/futbol\/wp-json\/wp\/v2\/media\/491557"}],"wp:attachment":[{"href":"http:\/\/desarrollo.grupomedios.com\/futbol\/wp-json\/wp\/v2\/media?parent=491554"}],"wp:term":[{"taxonomy":"category","embeddable":true,"href":"http:\/\/desarrollo.grupomedios.com\/futbol\/wp-json\/wp\/v2\/categories?post=491554"},{"taxonomy":"post_tag","embeddable":true,"href":"http:\/\/desarrollo.grupomedios.com\/futbol\/wp-json\/wp\/v2\/tags?post=491554"}],"curies":[{"name":"wp","href":"https:\/\/api.w.org\/{rel}","templated":true}]}}