{"id":491562,"date":"2017-08-01T20:53:55","date_gmt":"2017-08-02T01:53:55","guid":{"rendered":"https:\/\/www.futboltotal.com.mx\/?p=491562"},"modified":"2017-08-01T21:45:20","modified_gmt":"2017-08-02T02:45:20","slug":"comentarista-de-televisa-le-llama-karma-a-lesion-de-talavera","status":"publish","type":"post","link":"http:\/\/desarrollo.grupomedios.com\/futbol\/destacado-home\/comentarista-de-televisa-le-llama-karma-a-lesion-de-talavera\/2017\/08","title":{"rendered":"Comentarista de Televisa le llama karma a la lesi\u00f3n de Talavera"},"content":{"rendered":"<p><strong>Alfonso Venegas<\/strong>, comentarista deportivo de Televisa, consider\u00f3 que la lesi\u00f3n de <a href=\"https:\/\/www.futboltotal.com.mx\/2017\/08\/alfredo-talaver-fue-operado-satisfactoriamente\/\" target=\"_blank\" rel=\"noopener noreferrer\"><span style=\"color: #333399;\"><strong>Alfredo Talavera<\/strong><\/span><\/a> fue karma por menospreciar al beisbol.<\/p>\n<p>A trav\u00e9s de su cuenta oficial, el comentarista public\u00f3 un twit en el que inform\u00f3 la baja por seis meses del guardameta del <a href=\"https:\/\/www.futboltotal.com.mx\/2017\/07\/independiente-quiere-robarse-a-enrique-triverio-toluca\/\" target=\"_blank\" rel=\"noopener noreferrer\"><strong>Toluca<\/strong><\/a>, en el que agreg\u00f3 \u201cSe llama karma\u201d.<\/p>\n<p style=\"text-align: center;\"><a href=\"https:\/\/www.futboltotal.com.mx\/2017\/08\/el-negro-medida-pudo-traicionar-a-america-y-firmar-con-chivas\/\" target=\"_blank\" rel=\"noopener noreferrer\">VER M\u00c1S:\u00a0El \u2018Negro\u2019 Medina pudo traicionar a Am\u00e9rica y firmar con Chivas<\/a><\/p>\n<p>El comentario vino d\u00edas despu\u00e9s de que el cancerbero toluque\u00f1o declarara que el fichaje de <a href=\"https:\/\/www.futboltotal.com.mx\/2017\/08\/jonathan-dos-santos-despide-villarreal\/\" target=\"_blank\" rel=\"noopener noreferrer\"><span style=\"color: #333399;\"><strong>Jonathan Dos Santos<\/strong><\/span><\/a> con el <a href=\"https:\/\/www.futboltotal.com.mx\/2017\/07\/galaxy-consigue-a-jonathan-dos-santos-se-unira-a-giovani\/\" target=\"_blank\" rel=\"noopener noreferrer\"><span style=\"color: #333399;\"><strong>Galaxy<\/strong><\/span><\/a> de la <strong>MLS<\/strong> no era un retroceso, lo ser\u00eda si dejara el futbol para jugar beisbol.<\/p>\n<blockquote><p>\u201cIr al Galaxy no es un retroceso para Jonathan, no lo es porque seguir\u00e1 siendo futbolista en un alto nivel, retroceso ser\u00eda que jugara beisbol\u201d.<\/p>\n<p><a href=\"https:\/\/www.futboltotal.com.mx\/wp-content\/uploads\/2017\/08\/talavera-20170801200055.jpg\"><img decoding=\"async\" loading=\"lazy\" class=\"size-full wp-image-491572 aligncenter\" src=\"https:\/\/www.futboltotal.com.mx\/wp-content\/uploads\/2017\/08\/talavera-20170801200055.jpg\" alt=\"Comentarista de Televisa le llama karma a la lesi\u00f3n de Talavera 0\" srcset=\"http:\/\/desarrollo.grupomedios.com\/futbol\/wp-content\/uploads\/2017\/08\/talavera-20170801200055.jpg 584w, http:\/\/desarrollo.grupomedios.com\/futbol\/wp-content\/uploads\/2017\/08\/talavera-20170801200055-300x231.jpg 300w\" sizes=\"(max-width: 584px) 100vw, 584px\" \/><\/a><\/p><\/blockquote>\n<p style=\"text-align: center;\"><a href=\"https:\/\/www.futboltotal.com.mx\/2017\/08\/alfredo-talaver-fue-operado-satisfactoriamente\/\" target=\"_blank\" rel=\"noopener noreferrer\"><span style=\"color: #333399;\">VER M\u00c1S:\u00a0Alfredo Talavera fue operado satisfactoriamente<\/span><\/a><\/p>\n<p>Tras la pol\u00e9mica publicaci\u00f3n del comentarista de Televisa, los usuarios de la red social se manifestaron de inmediato y mostraron su inconformidad; sin embargo <strong>Venegas<\/strong>, defendi\u00f3 su postura y asegur\u00f3 que \u201cbeisbolistas mexicanos se indignaron por las declaraciones de Talavera\u201d.<\/p>\n<p>&nbsp;<\/p>\n","protected":false},"excerpt":{"rendered":"<p>Tremendas declaraciones sobre la lesi\u00f3n de Talavera<\/p>\n","protected":false},"author":20,"featured_media":491381,"comment_status":"closed","ping_status":"closed","sticky":false,"template":"","format":"standard","meta":[],"categories":[5,2198,3845],"tags":[9586,1617,5975],"_links":{"self":[{"href":"http:\/\/desarrollo.grupomedios.com\/futbol\/wp-json\/wp\/v2\/posts\/491562"}],"collection":[{"href":"http:\/\/desarrollo.grupomedios.com\/futbol\/wp-json\/wp\/v2\/posts"}],"about":[{"href":"http:\/\/desarrollo.grupomedios.com\/futbol\/wp-json\/wp\/v2\/types\/post"}],"author":[{"embeddable":true,"href":"http:\/\/desarrollo.grupomedios.com\/futbol\/wp-json\/wp\/v2\/users\/20"}],"replies":[{"embeddable":true,"href":"http:\/\/desarrollo.grupomedios.com\/futbol\/wp-json\/wp\/v2\/comments?post=491562"}],"version-history":[{"count":3,"href":"http:\/\/desarrollo.grupomedios.com\/futbol\/wp-json\/wp\/v2\/posts\/491562\/revisions"}],"predecessor-version":[{"id":491573,"href":"http:\/\/desarrollo.grupomedios.com\/futbol\/wp-json\/wp\/v2\/posts\/491562\/revisions\/491573"}],"wp:featuredmedia":[{"embeddable":true,"href":"http:\/\/desarrollo.grupomedios.com\/futbol\/wp-json\/wp\/v2\/media\/491381"}],"wp:attachment":[{"href":"http:\/\/desarrollo.grupomedios.com\/futbol\/wp-json\/wp\/v2\/media?parent=491562"}],"wp:term":[{"taxonomy":"category","embeddable":true,"href":"http:\/\/desarrollo.grupomedios.com\/futbol\/wp-json\/wp\/v2\/categories?post=491562"},{"taxonomy":"post_tag","embeddable":true,"href":"http:\/\/desarrollo.grupomedios.com\/futbol\/wp-json\/wp\/v2\/tags?post=491562"}],"curies":[{"name":"wp","href":"https:\/\/api.w.org\/{rel}","templated":true}]}}