{"id":491563,"date":"2017-08-01T20:56:09","date_gmt":"2017-08-02T01:56:09","guid":{"rendered":"https:\/\/www.futboltotal.com.mx\/?p=491563"},"modified":"2017-08-01T20:56:09","modified_gmt":"2017-08-02T01:56:09","slug":"chilena-de-pumas-rescata-empate-en-celaya","status":"publish","type":"post","link":"http:\/\/desarrollo.grupomedios.com\/futbol\/destacado-home\/chilena-de-pumas-rescata-empate-en-celaya\/2017\/08","title":{"rendered":"Chilena de Pumas rescata empate en Celaya"},"content":{"rendered":"<p><strong>Luis Fernando Quintana<\/strong> recibi\u00f3 el bal\u00f3n de pecho, y con una chilena le dio el empate a los <strong>Pumas<\/strong> 1-1 con <strong>Celaya<\/strong> en duelo de la fecha 2 de la <strong>Copa Mx<\/strong>.<\/p>\n<p>Despu\u00e9s de un primer tiempo sin mucho que ofrecer, el Celaya peg\u00f3 primero en el encuentro al minuto 65 con un contragolpe que aprovech\u00f3 la escuadra del Baj\u00edo, despu\u00e9s de que Pablo Ruiz sac\u00f3 disparo que ataj\u00f3 Maga\u00f1a y en el contrarremate, Diego de la Tejera empuj\u00f3 a las redes para poner el 1-0 en el encuentro.<\/p>\n<blockquote class=\"twitter-tweet\" data-partner=\"tweetdeck\">\n<p dir=\"ltr\" lang=\"es\"><a href=\"https:\/\/twitter.com\/hashtag\/NoTeLoPierdas?src=hash\">#NoTeLoPierdas<\/a><br \/>\nG\u26bd\u26bd\u26bdL de Diego de la Tejera<a href=\"https:\/\/twitter.com\/TorosCelayaCD\">@TorosCelayaCD<\/a> 1-0 <a href=\"https:\/\/twitter.com\/PumasMX\">@PumasMX<\/a> <a href=\"https:\/\/twitter.com\/hashtag\/Jornada2?src=hash\">#Jornada2<\/a> <a href=\"https:\/\/twitter.com\/hashtag\/CopaCoronaMX?src=hash\">#CopaCoronaMX<\/a> &#x1f3c6; <a href=\"https:\/\/twitter.com\/hashtag\/Apertura2017?src=hash\">#Apertura2017<\/a><br \/>\n\u26bd <a href=\"https:\/\/twitter.com\/hashtag\/SienteTuLiga?src=hash\">#SienteTuLiga<\/a> \u26bd <a href=\"https:\/\/t.co\/XiJYuH6HbK\">pic.twitter.com\/XiJYuH6HbK<\/a><\/p>\n<p>\u2014 #CopaCoronaMX (@CopaCoronaMx) <a href=\"https:\/\/twitter.com\/CopaCoronaMx\/status\/892559047060271104\">August 2, 2017<\/a><\/p><\/blockquote>\n<p><script async src=\"\/\/platform.twitter.com\/widgets.js\" charset=\"utf-8\"><\/script><\/p>\n<p>Sin embargo, no estaba todo dicho. Pumas arrincon\u00f3 al cuadro de Celaya, y en un tiro de esquina, fue el defensa Luis Fernando Quintana quien mat\u00f3 de pecho el bal\u00f3n, y sin dejarlo caer lo tom\u00f3 de chilena para poner el 1-1 parcial.<\/p>\n<blockquote class=\"twitter-tweet\" data-partner=\"tweetdeck\">\n<p dir=\"ltr\" lang=\"fr\"><a href=\"https:\/\/twitter.com\/hashtag\/NoTeLoPierdas?src=hash\">#NoTeLoPierdas<\/a><br \/>\nG\u26bd\u26bd\u26bdL de Luis Quintana <a href=\"https:\/\/twitter.com\/TorosCelayaCD\">@TorosCelayaCD<\/a> 1-1 <a href=\"https:\/\/twitter.com\/PumasMX\">@PumasMX<\/a> <a href=\"https:\/\/twitter.com\/hashtag\/Jornada2?src=hash\">#Jornada2<\/a> <a href=\"https:\/\/twitter.com\/hashtag\/CopaCoronaMX?src=hash\">#CopaCoronaMX<\/a> &#x1f3c6; <a href=\"https:\/\/twitter.com\/hashtag\/Apertura2017?src=hash\">#Apertura2017<\/a><br \/>\n\u26bd <a href=\"https:\/\/twitter.com\/hashtag\/SienteTuLiga?src=hash\">#SienteTuLiga<\/a> \u26bd <a href=\"https:\/\/t.co\/N6fKggY36G\">pic.twitter.com\/N6fKggY36G<\/a><\/p>\n<p>\u2014 #CopaCoronaMX (@CopaCoronaMx) <a href=\"https:\/\/twitter.com\/CopaCoronaMx\/status\/892561804232208384\">August 2, 2017<\/a><\/p><\/blockquote>\n<p><script async src=\"\/\/platform.twitter.com\/widgets.js\" charset=\"utf-8\"><\/script><\/p>\n<p>&nbsp;<\/p>\n","protected":false},"excerpt":{"rendered":"<p>Luis Fernando Quintana al minuto 77 consigui\u00f3 el empate 1-1 de los universitarios con los Toros<\/p>\n","protected":false},"author":20,"featured_media":491567,"comment_status":"closed","ping_status":"closed","sticky":false,"template":"","format":"standard","meta":[],"categories":[4247,5,2198],"tags":[2502,285,74],"_links":{"self":[{"href":"http:\/\/desarrollo.grupomedios.com\/futbol\/wp-json\/wp\/v2\/posts\/491563"}],"collection":[{"href":"http:\/\/desarrollo.grupomedios.com\/futbol\/wp-json\/wp\/v2\/posts"}],"about":[{"href":"http:\/\/desarrollo.grupomedios.com\/futbol\/wp-json\/wp\/v2\/types\/post"}],"author":[{"embeddable":true,"href":"http:\/\/desarrollo.grupomedios.com\/futbol\/wp-json\/wp\/v2\/users\/20"}],"replies":[{"embeddable":true,"href":"http:\/\/desarrollo.grupomedios.com\/futbol\/wp-json\/wp\/v2\/comments?post=491563"}],"version-history":[{"count":2,"href":"http:\/\/desarrollo.grupomedios.com\/futbol\/wp-json\/wp\/v2\/posts\/491563\/revisions"}],"predecessor-version":[{"id":491568,"href":"http:\/\/desarrollo.grupomedios.com\/futbol\/wp-json\/wp\/v2\/posts\/491563\/revisions\/491568"}],"wp:featuredmedia":[{"embeddable":true,"href":"http:\/\/desarrollo.grupomedios.com\/futbol\/wp-json\/wp\/v2\/media\/491567"}],"wp:attachment":[{"href":"http:\/\/desarrollo.grupomedios.com\/futbol\/wp-json\/wp\/v2\/media?parent=491563"}],"wp:term":[{"taxonomy":"category","embeddable":true,"href":"http:\/\/desarrollo.grupomedios.com\/futbol\/wp-json\/wp\/v2\/categories?post=491563"},{"taxonomy":"post_tag","embeddable":true,"href":"http:\/\/desarrollo.grupomedios.com\/futbol\/wp-json\/wp\/v2\/tags?post=491563"}],"curies":[{"name":"wp","href":"https:\/\/api.w.org\/{rel}","templated":true}]}}