{"id":491574,"date":"2017-08-01T22:59:26","date_gmt":"2017-08-02T03:59:26","guid":{"rendered":"https:\/\/www.futboltotal.com.mx\/?p=491574"},"modified":"2017-08-01T22:59:43","modified_gmt":"2017-08-02T03:59:43","slug":"cronica-resultado-pachuca-1-0-cimarrones-copa-mx","status":"publish","type":"post","link":"http:\/\/desarrollo.grupomedios.com\/futbol\/destacado-home\/cronica-resultado-pachuca-1-0-cimarrones-copa-mx\/2017\/08","title":{"rendered":"Pachuca vence a Cimarrones con triste actuaci\u00f3n"},"content":{"rendered":"<p>Este martes se llev\u00f3 a cabo el encuentro entre\u00a0<strong>Cimarrones de Sonora<\/strong>\u00a0y los\u00a0<strong>Tuzos Pachuca<\/strong>\u00a0por el\u00a0<strong>Grupo 8<\/strong>\u00a0de la\u00a0<strong>Copa MX<\/strong>, en la cancha de\u00a0<strong>H\u00e9roes de Narcozari<\/strong>,\u00a0en el que los sonorenses fueron m\u00e1s que los hidalguenses pero terminaron cayendo por marcador de 1-0.<\/p>\n<p style=\"text-align: center;\"><a href=\"https:\/\/www.futboltotal.com.mx\/2017\/08\/comentarista-de-televisa-le-llama-karma-a-lesion-de-talavera\/\"><span style=\"color: #333399;\">VER M\u00c1S:\u00a0Comentarista de Televisa le llama karma a la lesi\u00f3n de Talavera<\/span><\/a><\/p>\n<p>El primer tiempo inicio bastante movido pero lleno de imprecisiones por ambos conjuntos. <strong>Cimarrones<\/strong> fueron los que generaron las jugadas de mayor peligro al probar en dos ocasiones <strong>Alfonso Blanco,<\/strong> quien respondi\u00f3 de buena manera y salv\u00f3 su marco en dos ocasiones. En el \u00faltimo minuto del primer tiempo, <strong>Erick Aguirre<\/strong>\u00a0sac\u00f3 un zapatazo que se estrell\u00f3 en el poste de la meta de <strong>Espinoza<\/strong> y el primer tiempo se diluy\u00f3 con marcador parcial de 0-0.<\/p>\n<p style=\"text-align: center;\"><a href=\"https:\/\/www.futboltotal.com.mx\/2017\/08\/giovani-envio-mensaje-a-quienes-critican-a-la-mls-y-a-jonathan\/\" target=\"_blank\" rel=\"noopener noreferrer\"><span style=\"color: #333399;\">VER M\u00c1S:\u00a0Giovani envi\u00f3 mensaje a quienes critican a la MLS y a Jonathan<\/span><\/a><\/p>\n<p>En la segunda mitad, <strong>Cimarrones<\/strong> puso en aprietos en repetidas ocasiones al guardameta tuzo, quien supo resolver de buena forma e evit\u00f3 la ca\u00edda de su marco; sin embargo, en una desatenci\u00f3n <strong>Pachuca<\/strong> aprovech\u00f3 y abri\u00f3 el marcador por conducto de <strong>Germ\u00e1n Cano. Alfonso Blanco\u00a0<\/strong>fue la figura del encuentro tras salvar en numerosas ocasiones a los de la <em>Bella Airosa.<\/em><\/p>\n<p>&nbsp;<\/p>\n<blockquote class=\"twitter-video\" data-lang=\"es\">\n<p dir=\"ltr\" lang=\"es\"><a href=\"https:\/\/twitter.com\/hashtag\/NoTeLoPierdas?src=hash\">#NoTeLoPierdas<\/a><br \/>\nG\u26bd\u26bd\u26bdL de Germ\u00e1n Cano<a href=\"https:\/\/twitter.com\/CimarronesFC\">@CimarronesFC<\/a> 0-1 <a href=\"https:\/\/twitter.com\/Tuzos\">@Tuzos<\/a> <a href=\"https:\/\/twitter.com\/hashtag\/Jornada2?src=hash\">#Jornada2<\/a> <a href=\"https:\/\/twitter.com\/hashtag\/CopaCoronaMX?src=hash\">#CopaCoronaMX<\/a> &#x1f3c6; <a href=\"https:\/\/twitter.com\/hashtag\/Apertura2017?src=hash\">#Apertura2017<\/a><br \/>\n\u26bd <a href=\"https:\/\/twitter.com\/hashtag\/SienteTuLiga?src=hash\">#SienteTuLiga<\/a> \u26bd <a href=\"https:\/\/t.co\/7qE75RUdS0\">pic.twitter.com\/7qE75RUdS0<\/a><\/p>\n<p>\u2014 #CopaCoronaMX (@CopaCoronaMx) <a href=\"https:\/\/twitter.com\/CopaCoronaMx\/status\/892587366677979137\">2 de agosto de 2017<\/a><\/p><\/blockquote>\n<p><script async src=\"\/\/platform.twitter.com\/widgets.js\" charset=\"utf-8\"><\/script><\/p>\n","protected":false},"excerpt":{"rendered":"<p>Cimarrones fue m\u00e1s pero Pachuca aprovech\u00f3 y se llev\u00f3 los tres puntos<\/p>\n","protected":false},"author":20,"featured_media":491579,"comment_status":"closed","ping_status":"closed","sticky":false,"template":"","format":"standard","meta":[],"categories":[4247,5,2198],"tags":[8034,285,9573,5968],"_links":{"self":[{"href":"http:\/\/desarrollo.grupomedios.com\/futbol\/wp-json\/wp\/v2\/posts\/491574"}],"collection":[{"href":"http:\/\/desarrollo.grupomedios.com\/futbol\/wp-json\/wp\/v2\/posts"}],"about":[{"href":"http:\/\/desarrollo.grupomedios.com\/futbol\/wp-json\/wp\/v2\/types\/post"}],"author":[{"embeddable":true,"href":"http:\/\/desarrollo.grupomedios.com\/futbol\/wp-json\/wp\/v2\/users\/20"}],"replies":[{"embeddable":true,"href":"http:\/\/desarrollo.grupomedios.com\/futbol\/wp-json\/wp\/v2\/comments?post=491574"}],"version-history":[{"count":4,"href":"http:\/\/desarrollo.grupomedios.com\/futbol\/wp-json\/wp\/v2\/posts\/491574\/revisions"}],"predecessor-version":[{"id":491581,"href":"http:\/\/desarrollo.grupomedios.com\/futbol\/wp-json\/wp\/v2\/posts\/491574\/revisions\/491581"}],"wp:featuredmedia":[{"embeddable":true,"href":"http:\/\/desarrollo.grupomedios.com\/futbol\/wp-json\/wp\/v2\/media\/491579"}],"wp:attachment":[{"href":"http:\/\/desarrollo.grupomedios.com\/futbol\/wp-json\/wp\/v2\/media?parent=491574"}],"wp:term":[{"taxonomy":"category","embeddable":true,"href":"http:\/\/desarrollo.grupomedios.com\/futbol\/wp-json\/wp\/v2\/categories?post=491574"},{"taxonomy":"post_tag","embeddable":true,"href":"http:\/\/desarrollo.grupomedios.com\/futbol\/wp-json\/wp\/v2\/tags?post=491574"}],"curies":[{"name":"wp","href":"https:\/\/api.w.org\/{rel}","templated":true}]}}