{"id":491612,"date":"2017-08-02T10:00:03","date_gmt":"2017-08-02T15:00:03","guid":{"rendered":"https:\/\/www.futboltotal.com.mx\/?p=491612"},"modified":"2017-08-02T10:00:03","modified_gmt":"2017-08-02T15:00:03","slug":"chicharito-mando-claro-mensaje-a-todos-sus-criticos","status":"publish","type":"post","link":"http:\/\/desarrollo.grupomedios.com\/futbol\/futbol-internacional\/chicharito-mando-claro-mensaje-a-todos-sus-criticos\/2017\/08","title":{"rendered":"Chicharito le mand\u00f3 claro mensaje a todos sus cr\u00edticos"},"content":{"rendered":"<p>Apenas han pasado unos d\u00edas desde que se anunciara el fichaje del mexicano <strong>Javier <em>Chicharito<\/em> Hern\u00e1ndez<\/strong>\u00a0por el <strong>West Ham<\/strong> y que el mexicano debut\u00f3 con los <em>Hammers<\/em> en el amistoso ante el <strong>Altona 93<\/strong> durante la gira del cuadro londinense por Alemania, pero por un momento el delantero ya cambi\u00f3 el tono feliz para volver a mandar un mensaje contra sus cr\u00edticos.<\/p>\n<p><a href=\"https:\/\/www.futboltotal.com.mx\/2017\/08\/mira-aqui-debut-chicharito-west-ham\/\" target=\"_blank\" rel=\"noopener noreferrer\"><span style=\"color: #333399;\"><em><strong>Chicharito<\/strong><\/em> estuvo a punto de marcar su primer gol con el <strong>West Ham<\/strong><\/span><\/a>, que habr\u00eda sido el del triunfo en los minutos finales, pero su definici\u00f3n result\u00f3 d\u00e9bil y un defensa evit\u00f3 la anotaci\u00f3n.<\/p>\n<p style=\"text-align: center;\"><a href=\"https:\/\/www.futboltotal.com.mx\/2017\/08\/west-ham-envio-visor-seguir-a-raul-jimenez-en-emirates-cup\/\" target=\"_blank\" rel=\"noopener noreferrer\"><span style=\"color: #333399;\">VER M\u00c1S: West Ham envi\u00f3 visor para analizar fichaje de Ra\u00fal Jim\u00e9nez<\/span><\/a><\/p>\n<p>Esta jugada result\u00f3 motivo de burlas contra el mexicano en redes sociales y horas despu\u00e9s Javier se manifest\u00f3 en Instagram en respuesta a todos sus detractores, aparentemente tanto de medios de comunicaci\u00f3n como simples aficionados.<\/p>\n<p>&#8220;\u00bfPor qu\u00e9 tu felicidad le doler\u00e1 a mucha gente? \u00a1\u00a1\u00a1Pero bueno saludos y muy buenos deseos a todo el mundo!!!&#8221;, escribi\u00f3 en una historia de Instagram.<\/p>\n<p style=\"text-align: center;\"><a href=\"https:\/\/www.futboltotal.com.mx\/2017\/08\/chicharito-ya-numero-west-ham\/\" target=\"_blank\" rel=\"noopener noreferrer\"><span style=\"color: #333399;\">VER M\u00c1S: Chicharito ya tiene su nuevo n\u00famero con el West Ham<\/span><\/a><\/p>\n<p><a href=\"https:\/\/www.futboltotal.com.mx\/wp-content\/uploads\/2017\/08\/Chicharito-Instargram.jpg\"><img decoding=\"async\" loading=\"lazy\" class=\"aligncenter size-large wp-image-491617\" src=\"https:\/\/www.futboltotal.com.mx\/wp-content\/uploads\/2017\/08\/Chicharito-Instargram-1024x576.jpg\" alt=\"Chicharito le mand\u00f3 claro mensaje a todos sus cr\u00edticos 0\" srcset=\"http:\/\/desarrollo.grupomedios.com\/futbol\/wp-content\/uploads\/2017\/08\/Chicharito-Instargram-1024x576.jpg 1024w, http:\/\/desarrollo.grupomedios.com\/futbol\/wp-content\/uploads\/2017\/08\/Chicharito-Instargram-300x169.jpg 300w, http:\/\/desarrollo.grupomedios.com\/futbol\/wp-content\/uploads\/2017\/08\/Chicharito-Instargram-768x432.jpg 768w, http:\/\/desarrollo.grupomedios.com\/futbol\/wp-content\/uploads\/2017\/08\/Chicharito-Instargram-317x178.jpg 317w, http:\/\/desarrollo.grupomedios.com\/futbol\/wp-content\/uploads\/2017\/08\/Chicharito-Instargram-535x301.jpg 535w, http:\/\/desarrollo.grupomedios.com\/futbol\/wp-content\/uploads\/2017\/08\/Chicharito-Instargram-374x210.jpg 374w, http:\/\/desarrollo.grupomedios.com\/futbol\/wp-content\/uploads\/2017\/08\/Chicharito-Instargram.jpg 1136w\" sizes=\"(max-width: 1024px) 100vw, 1024px\" \/><\/a><\/p>\n<p>Esta publicaci\u00f3n no fue la \u00fanica y Hern\u00e1ndez mand\u00f3 una segunda, en la que el goleador cit\u00f3 parte de una canci\u00f3n del reggaetonero <strong>Romeo Santos<\/strong> llamada &#8216;<strong>Que se mueran<\/strong>&#8216;, escribiendo:\u00a0&#8220;No lo duden una lengua venenosa es m\u00e1s mortal que un cuchillo&#8230;&#8221;, para luego agregar &#8220;Seguimos&#8230; seguimos y seguiremos&#8221;.<\/p>\n<p><a href=\"https:\/\/www.futboltotal.com.mx\/wp-content\/uploads\/2017\/08\/Chicharito-Instagram2.jpg\"><img decoding=\"async\" loading=\"lazy\" class=\"aligncenter size-large wp-image-491616\" src=\"https:\/\/www.futboltotal.com.mx\/wp-content\/uploads\/2017\/08\/Chicharito-Instagram2-1024x576.jpg\" alt=\"Chicharito le mand\u00f3 claro mensaje a todos sus cr\u00edticos 1\" srcset=\"http:\/\/desarrollo.grupomedios.com\/futbol\/wp-content\/uploads\/2017\/08\/Chicharito-Instagram2-1024x576.jpg 1024w, http:\/\/desarrollo.grupomedios.com\/futbol\/wp-content\/uploads\/2017\/08\/Chicharito-Instagram2-300x169.jpg 300w, http:\/\/desarrollo.grupomedios.com\/futbol\/wp-content\/uploads\/2017\/08\/Chicharito-Instagram2-768x432.jpg 768w, http:\/\/desarrollo.grupomedios.com\/futbol\/wp-content\/uploads\/2017\/08\/Chicharito-Instagram2-317x178.jpg 317w, http:\/\/desarrollo.grupomedios.com\/futbol\/wp-content\/uploads\/2017\/08\/Chicharito-Instagram2-535x301.jpg 535w, http:\/\/desarrollo.grupomedios.com\/futbol\/wp-content\/uploads\/2017\/08\/Chicharito-Instagram2-374x210.jpg 374w, http:\/\/desarrollo.grupomedios.com\/futbol\/wp-content\/uploads\/2017\/08\/Chicharito-Instagram2.jpg 1136w\" sizes=\"(max-width: 1024px) 100vw, 1024px\" \/><\/a><\/p>\n<p>Se nota que <em><strong>Chicharito<\/strong><\/em> est\u00e1 al pendiente de lo que la gente dice en redes sociales y medios, porque aunque insiste en asegurar que no le da\u00a0importancia a las cr\u00edticas sigue respondiendo con estos mensajes sin un claro destinatario.<\/p>\n","protected":false},"excerpt":{"rendered":"<p>Todo surgi\u00f3 tras las burlas al mexicano por el gol que fall\u00f3 en su debut con West Ham.<\/p>\n","protected":false},"author":20,"featured_media":490031,"comment_status":"closed","ping_status":"closed","sticky":false,"template":"","format":"standard","meta":[],"categories":[5419,3839,3846],"tags":[9588,120,549,1743],"_links":{"self":[{"href":"http:\/\/desarrollo.grupomedios.com\/futbol\/wp-json\/wp\/v2\/posts\/491612"}],"collection":[{"href":"http:\/\/desarrollo.grupomedios.com\/futbol\/wp-json\/wp\/v2\/posts"}],"about":[{"href":"http:\/\/desarrollo.grupomedios.com\/futbol\/wp-json\/wp\/v2\/types\/post"}],"author":[{"embeddable":true,"href":"http:\/\/desarrollo.grupomedios.com\/futbol\/wp-json\/wp\/v2\/users\/20"}],"replies":[{"embeddable":true,"href":"http:\/\/desarrollo.grupomedios.com\/futbol\/wp-json\/wp\/v2\/comments?post=491612"}],"version-history":[{"count":1,"href":"http:\/\/desarrollo.grupomedios.com\/futbol\/wp-json\/wp\/v2\/posts\/491612\/revisions"}],"predecessor-version":[{"id":491619,"href":"http:\/\/desarrollo.grupomedios.com\/futbol\/wp-json\/wp\/v2\/posts\/491612\/revisions\/491619"}],"wp:featuredmedia":[{"embeddable":true,"href":"http:\/\/desarrollo.grupomedios.com\/futbol\/wp-json\/wp\/v2\/media\/490031"}],"wp:attachment":[{"href":"http:\/\/desarrollo.grupomedios.com\/futbol\/wp-json\/wp\/v2\/media?parent=491612"}],"wp:term":[{"taxonomy":"category","embeddable":true,"href":"http:\/\/desarrollo.grupomedios.com\/futbol\/wp-json\/wp\/v2\/categories?post=491612"},{"taxonomy":"post_tag","embeddable":true,"href":"http:\/\/desarrollo.grupomedios.com\/futbol\/wp-json\/wp\/v2\/tags?post=491612"}],"curies":[{"name":"wp","href":"https:\/\/api.w.org\/{rel}","templated":true}]}}