{"id":491659,"date":"2017-08-02T13:16:50","date_gmt":"2017-08-02T18:16:50","guid":{"rendered":"https:\/\/www.futboltotal.com.mx\/?p=491659"},"modified":"2017-08-02T13:16:50","modified_gmt":"2017-08-02T18:16:50","slug":"roma-lanza-jersey-totti-al-espacio","status":"publish","type":"post","link":"http:\/\/desarrollo.grupomedios.com\/futbol\/cambio-de-juego\/roma-lanza-jersey-totti-al-espacio\/2017\/08","title":{"rendered":"Roma lanza jersey de Totti al espacio"},"content":{"rendered":"<p>La Roma anunci\u00f3 que logr\u00f3 llevar la \u00faltima camiseta de la leyenda,<strong> Francesco Totti<\/strong>, al espacio.<\/p>\n<p>El 28 de mayo ante el <strong>Genoa<\/strong>, Francesco se despidi\u00f3 del futbol y la camiseta que utiliz\u00f3 en ese d\u00eda ha sido lanzada al espacio en un vector que sali\u00f3 ayer desde la <strong>Guayana Francesa<\/strong>.<\/p>\n<p style=\"text-align: center;\"><span style=\"color: #333399;\"><a style=\"color: #333399;\" href=\"https:\/\/www.futboltotal.com.mx\/2017\/08\/oficial-barcelona-anuncia-la-salida-neymar\/\" target=\"_blank\" rel=\"noopener noreferrer\">VER M\u00c1S: Neymar le dice adi\u00f3s al Barcelona<\/a><\/span><\/p>\n<p>Con esto, el conjunto de <strong>La Loba<\/strong> cumpli\u00f3 con el jugador y le dio un regalo gracias a la empresa Avio.<\/p>\n<blockquote class=\"twitter-tweet\" data-lang=\"es\">\n<p dir=\"ltr\" lang=\"it\">La maglia di <a href=\"https:\/\/twitter.com\/Totti\">@Totti<\/a> \u00e8 nello spazio con Vega: grazie <a href=\"https:\/\/twitter.com\/Avio_Group\">@Avio_Group<\/a>! &#x1f680;&#x1f49b;\u2764\ufe0f<a href=\"https:\/\/twitter.com\/hashtag\/ASRoma?src=hash\">#ASRoma<\/a> <a href=\"https:\/\/twitter.com\/hashtag\/Totti?src=hash\">#Totti<\/a><\/p>\n<p>\u27a1\ufe0f <a href=\"https:\/\/t.co\/9LzM4uTznA\">https:\/\/t.co\/9LzM4uTznA<\/a> <a href=\"https:\/\/t.co\/nPXm7QJgih\">pic.twitter.com\/nPXm7QJgih<\/a><\/p>\n<p>\u2014 AS Roma (@OfficialASRoma) <a href=\"https:\/\/twitter.com\/OfficialASRoma\/status\/892670168022884352\">2 de agosto de 2017<\/a><\/p><\/blockquote>\n<p><script async src=\"\/\/platform.twitter.com\/widgets.js\" charset=\"utf-8\"><\/script><\/p>\n<p style=\"text-align: center;\"><span style=\"color: #333399;\"><a style=\"color: #333399;\" href=\"https:\/\/www.futboltotal.com.mx\/2017\/08\/torino-ofrecio-100-mil-dolares-a-pumas-olvidarse-gaston-silva\/\" target=\"_blank\" rel=\"noopener noreferrer\">VER M\u00c1S: Torino le ofreci\u00f3 dinero a Pumas para olvidar caso Gast\u00f3n Silva<\/a><\/span><\/p>\n","protected":false},"excerpt":{"rendered":"<p>El jugador tendr\u00e1 su camiseta en el espacio<\/p>\n","protected":false},"author":20,"featured_media":491667,"comment_status":"closed","ping_status":"closed","sticky":false,"template":"","format":"standard","meta":[],"categories":[5419],"tags":[2619,320],"_links":{"self":[{"href":"http:\/\/desarrollo.grupomedios.com\/futbol\/wp-json\/wp\/v2\/posts\/491659"}],"collection":[{"href":"http:\/\/desarrollo.grupomedios.com\/futbol\/wp-json\/wp\/v2\/posts"}],"about":[{"href":"http:\/\/desarrollo.grupomedios.com\/futbol\/wp-json\/wp\/v2\/types\/post"}],"author":[{"embeddable":true,"href":"http:\/\/desarrollo.grupomedios.com\/futbol\/wp-json\/wp\/v2\/users\/20"}],"replies":[{"embeddable":true,"href":"http:\/\/desarrollo.grupomedios.com\/futbol\/wp-json\/wp\/v2\/comments?post=491659"}],"version-history":[{"count":1,"href":"http:\/\/desarrollo.grupomedios.com\/futbol\/wp-json\/wp\/v2\/posts\/491659\/revisions"}],"predecessor-version":[{"id":491668,"href":"http:\/\/desarrollo.grupomedios.com\/futbol\/wp-json\/wp\/v2\/posts\/491659\/revisions\/491668"}],"wp:featuredmedia":[{"embeddable":true,"href":"http:\/\/desarrollo.grupomedios.com\/futbol\/wp-json\/wp\/v2\/media\/491667"}],"wp:attachment":[{"href":"http:\/\/desarrollo.grupomedios.com\/futbol\/wp-json\/wp\/v2\/media?parent=491659"}],"wp:term":[{"taxonomy":"category","embeddable":true,"href":"http:\/\/desarrollo.grupomedios.com\/futbol\/wp-json\/wp\/v2\/categories?post=491659"},{"taxonomy":"post_tag","embeddable":true,"href":"http:\/\/desarrollo.grupomedios.com\/futbol\/wp-json\/wp\/v2\/tags?post=491659"}],"curies":[{"name":"wp","href":"https:\/\/api.w.org\/{rel}","templated":true}]}}