{"id":491733,"date":"2017-08-02T16:27:45","date_gmt":"2017-08-02T21:27:45","guid":{"rendered":"https:\/\/www.futboltotal.com.mx\/?p=491733"},"modified":"2017-08-02T16:27:45","modified_gmt":"2017-08-02T21:27:45","slug":"carlos-vela-reaparecio-la-real-sociedad","status":"publish","type":"post","link":"http:\/\/desarrollo.grupomedios.com\/futbol\/futbol-internacional\/carlos-vela-reaparecio-la-real-sociedad\/2017\/08","title":{"rendered":"Carlos Vela reapareci\u00f3 con la Real Sociedad"},"content":{"rendered":"<p>La <strong>Real Sociedad<\/strong> sigue con su pretemporada rumbo a la Liga de Espa\u00f1a 2017-18 y en su \u00faltimo partido amistoso en Holanda, derrot\u00f3 2-0 al Groningen, con la participaci\u00f3n del mexicano <strong>Carlos Vela.<\/strong><\/p>\n<p>El delantero del <em>Tricolor<\/em> se reincorpor\u00f3 apenas hace unas semanas luego de sus vacaciones por la participaci\u00f3n que tuvo con M\u00e9xico en la Copa Confederaciones y los rumores que lo ponen fuera del club.<\/p>\n<p style=\"text-align: center;\"><span style=\"color: #3366ff;\"><a style=\"color: #3366ff;\" href=\"https:\/\/www.futboltotal.com.mx\/2017\/08\/aaron-galindo-esta-cerca-de-fichar-con-un-equipo-espanol\/\">VER M\u00c1S: Aaron Galindo est\u00e1 cerca de fichar con un equipo espa\u00f1ol<\/a><\/span><\/p>\n<blockquote class=\"twitter-tweet\" data-data-dnt=\"true\">\n<p lang=\"es\" dir=\"ltr\">\ud83d\udcdd \u00a1Qu\u00e9 alegr\u00eda! Victoria, vuelve Imanol&#8230; \u00a1Y GOL! La cr\u00f3nica del partido <a href=\"https:\/\/twitter.com\/hashtag\/RealSociedad?src=hash&amp;ref_src=twsrc%5Etfw\">#RealSociedad<\/a> <a href=\"https:\/\/twitter.com\/hashtag\/TourRS?src=hash&amp;ref_src=twsrc%5Etfw\">#TourRS<\/a> \u2b07\ufe0f<a href=\"https:\/\/t.co\/5Alf64z0ep\">https:\/\/t.co\/5Alf64z0ep<\/a><\/p>\n<p>&mdash; Real Sociedad F\u00fatbol (@RealSociedad) <a href=\"https:\/\/twitter.com\/RealSociedad\/status\/892827174281113602?ref_src=twsrc%5Etfw\">August 2, 2017<\/a><\/p><\/blockquote>\n<p><script async src=\"https:\/\/platform.twitter.com\/widgets.js\" charset=\"utf-8\"><\/script><\/p>\n<p>William Jos\u00e9 al minuto 35 e Imanol Agirretxe al 85, fueron los anotadores para la<strong> Real Sociedad<\/strong>.<strong> Carlos Vela<\/strong> ingres\u00f3 al minuto 60 para tener su primera media hora de participaci\u00f3n con los Txuri-Urd\u00edn, pues estaba de vacaciones mientras el club manten\u00eda campamento en tierras neerlandesas.<\/p>\n<p><em>El Bombardero<\/em> ha sonado para salir del conjunto espa\u00f1ol debido a la pretensi\u00f3n de varios clubes; aunque \u00e9l no ve como una mala idea quedarse en el club, pues ser\u00e1 un reto m\u00e1s en lo deportivo para el mexicano.<\/p>\n","protected":false},"excerpt":{"rendered":"<p>El mexicano disput\u00f3 su primer partido con la Real.<\/p>\n","protected":false},"author":20,"featured_media":437614,"comment_status":"closed","ping_status":"closed","sticky":false,"template":"","format":"standard","meta":[],"categories":[3839,3844],"tags":[6048,102],"_links":{"self":[{"href":"http:\/\/desarrollo.grupomedios.com\/futbol\/wp-json\/wp\/v2\/posts\/491733"}],"collection":[{"href":"http:\/\/desarrollo.grupomedios.com\/futbol\/wp-json\/wp\/v2\/posts"}],"about":[{"href":"http:\/\/desarrollo.grupomedios.com\/futbol\/wp-json\/wp\/v2\/types\/post"}],"author":[{"embeddable":true,"href":"http:\/\/desarrollo.grupomedios.com\/futbol\/wp-json\/wp\/v2\/users\/20"}],"replies":[{"embeddable":true,"href":"http:\/\/desarrollo.grupomedios.com\/futbol\/wp-json\/wp\/v2\/comments?post=491733"}],"version-history":[{"count":1,"href":"http:\/\/desarrollo.grupomedios.com\/futbol\/wp-json\/wp\/v2\/posts\/491733\/revisions"}],"predecessor-version":[{"id":491743,"href":"http:\/\/desarrollo.grupomedios.com\/futbol\/wp-json\/wp\/v2\/posts\/491733\/revisions\/491743"}],"wp:featuredmedia":[{"embeddable":true,"href":"http:\/\/desarrollo.grupomedios.com\/futbol\/wp-json\/wp\/v2\/media\/437614"}],"wp:attachment":[{"href":"http:\/\/desarrollo.grupomedios.com\/futbol\/wp-json\/wp\/v2\/media?parent=491733"}],"wp:term":[{"taxonomy":"category","embeddable":true,"href":"http:\/\/desarrollo.grupomedios.com\/futbol\/wp-json\/wp\/v2\/categories?post=491733"},{"taxonomy":"post_tag","embeddable":true,"href":"http:\/\/desarrollo.grupomedios.com\/futbol\/wp-json\/wp\/v2\/tags?post=491733"}],"curies":[{"name":"wp","href":"https:\/\/api.w.org\/{rel}","templated":true}]}}