{"id":491850,"date":"2017-08-03T09:37:39","date_gmt":"2017-08-03T14:37:39","guid":{"rendered":"https:\/\/www.futboltotal.com.mx\/?p=491850"},"modified":"2017-08-03T09:38:22","modified_gmt":"2017-08-03T14:38:22","slug":"giovani-dos-santos-falla-penal-se-lleva-jersey-bale","status":"publish","type":"post","link":"http:\/\/desarrollo.grupomedios.com\/futbol\/futbol-internacional\/giovani-dos-santos-falla-penal-se-lleva-jersey-bale\/2017\/08","title":{"rendered":"Giovani Dos Santos falla penal pero se lleva jersey de Bale"},"content":{"rendered":"<p>En el encuentro entre las estrellas de la <strong>MLS<\/strong> y el <strong>Real Madrid<\/strong>, el mediocampista mexicano, <strong>Giovani Dos Santos<\/strong>, tuvo minutos de juego.<\/p>\n<p>Sin embargo, a pesar que fue protagonista y su equipo logr\u00f3 empatar en los \u00faltimos minutos a los merengues y llevar el partido hasta la definici\u00f3n desde los once pasos, Dos Santos tuvo una noche de contrastes.<\/p>\n<p style=\"text-align: center;\"><span style=\"color: #333399;\"><a style=\"color: #333399;\" href=\"https:\/\/www.futboltotal.com.mx\/2017\/08\/este-seria-11-ideal-psg-con-llegada-neymar\/\" target=\"_blank\" rel=\"noopener noreferrer\">VER M\u00c1S: Este ser\u00eda el 11 ideal del PSG con la llegada de\u00a0Neymar<\/a><\/span><\/p>\n<p>En los penales, fue uno de los elegidos para ejecutar; sin embargo, estrell\u00f3 su tiro en el travesa\u00f1o. Su equipo se llev\u00f3 la derrota.<\/p>\n<blockquote class=\"twitter-video\" data-lang=\"es\">\n<p dir=\"ltr\" lang=\"es\">Este es el penal que Giovani Dos Santos fallo contra el <a href=\"https:\/\/twitter.com\/realmadrid\">@RealMadrid<\/a> en la tanda de penales. <a href=\"https:\/\/twitter.com\/hashtag\/MLSALLSTAR?src=hash\">#MLSALLSTAR<\/a> <a href=\"https:\/\/twitter.com\/hashtag\/REALMADRID?src=hash\">#REALMADRID<\/a> <a href=\"https:\/\/t.co\/l4cBQ6yWTG\">pic.twitter.com\/l4cBQ6yWTG<\/a><\/p>\n<p>\u2014 Jaime V\u00e1zquez (@SoyunBisCocho) <a href=\"https:\/\/twitter.com\/SoyunBisCocho\/status\/892948252449886208\">3 de agosto de 2017<\/a><\/p><\/blockquote>\n<p><script async src=\"\/\/platform.twitter.com\/widgets.js\" charset=\"utf-8\"><\/script><\/p>\n<p>Por otro lado, &#8216;Gio&#8217; se llev\u00f3 la camiseta de el gal\u00e9s, <strong>Gareth Bale<\/strong>, pues luego de intercambiar unas palabras, ambos futbolistas decidieron quedarse con un recuerdo del partido.<\/p>\n<blockquote class=\"twitter-video\" data-lang=\"es\">\n<p dir=\"ltr\" lang=\"en\">Shirt swap!<a href=\"https:\/\/twitter.com\/GarethBale11\">@GarethBale11<\/a> x <a href=\"https:\/\/twitter.com\/OficialGio\">@OficialGio<\/a> \/\/ <a href=\"https:\/\/twitter.com\/hashtag\/MLSAllStar?src=hash\">#MLSAllStar<\/a> <a href=\"https:\/\/t.co\/v7k34nwEoE\">pic.twitter.com\/v7k34nwEoE<\/a><\/p>\n<p>\u2014 Major League Soccer (@MLS) <a href=\"https:\/\/twitter.com\/MLS\/status\/892951536061599744\">3 de agosto de 2017<\/a><\/p><\/blockquote>\n<p><script async src=\"\/\/platform.twitter.com\/widgets.js\" charset=\"utf-8\"><\/script><\/p>\n<p style=\"text-align: center;\"><span style=\"color: #333399;\"><a style=\"color: #333399;\" href=\"https:\/\/www.futboltotal.com.mx\/2017\/08\/boca-juniors-robaria-fichaje-a-los-tigres\/\" target=\"_blank\" rel=\"noopener noreferrer\">VER M\u00c1S: Boca Juniors le robar\u00eda este fichaje a Tigres<\/a><\/span><\/p>\n","protected":false},"excerpt":{"rendered":"<p>El atacante mexicano tuvo participaci\u00f3n en el encuentro ante los merengues<\/p>\n","protected":false},"author":20,"featured_media":491859,"comment_status":"closed","ping_status":"closed","sticky":false,"template":"","format":"standard","meta":[],"categories":[3839],"tags":[6043,5982,195,5988],"_links":{"self":[{"href":"http:\/\/desarrollo.grupomedios.com\/futbol\/wp-json\/wp\/v2\/posts\/491850"}],"collection":[{"href":"http:\/\/desarrollo.grupomedios.com\/futbol\/wp-json\/wp\/v2\/posts"}],"about":[{"href":"http:\/\/desarrollo.grupomedios.com\/futbol\/wp-json\/wp\/v2\/types\/post"}],"author":[{"embeddable":true,"href":"http:\/\/desarrollo.grupomedios.com\/futbol\/wp-json\/wp\/v2\/users\/20"}],"replies":[{"embeddable":true,"href":"http:\/\/desarrollo.grupomedios.com\/futbol\/wp-json\/wp\/v2\/comments?post=491850"}],"version-history":[{"count":2,"href":"http:\/\/desarrollo.grupomedios.com\/futbol\/wp-json\/wp\/v2\/posts\/491850\/revisions"}],"predecessor-version":[{"id":491861,"href":"http:\/\/desarrollo.grupomedios.com\/futbol\/wp-json\/wp\/v2\/posts\/491850\/revisions\/491861"}],"wp:featuredmedia":[{"embeddable":true,"href":"http:\/\/desarrollo.grupomedios.com\/futbol\/wp-json\/wp\/v2\/media\/491859"}],"wp:attachment":[{"href":"http:\/\/desarrollo.grupomedios.com\/futbol\/wp-json\/wp\/v2\/media?parent=491850"}],"wp:term":[{"taxonomy":"category","embeddable":true,"href":"http:\/\/desarrollo.grupomedios.com\/futbol\/wp-json\/wp\/v2\/categories?post=491850"},{"taxonomy":"post_tag","embeddable":true,"href":"http:\/\/desarrollo.grupomedios.com\/futbol\/wp-json\/wp\/v2\/tags?post=491850"}],"curies":[{"name":"wp","href":"https:\/\/api.w.org\/{rel}","templated":true}]}}