{"id":491852,"date":"2017-08-03T09:47:22","date_gmt":"2017-08-03T14:47:22","guid":{"rendered":"https:\/\/www.futboltotal.com.mx\/?p=491852"},"modified":"2017-08-03T09:47:22","modified_gmt":"2017-08-03T14:47:22","slug":"chivastv-confunde-a-idolo-rojiblanco-con-un-americanista","status":"publish","type":"post","link":"http:\/\/desarrollo.grupomedios.com\/futbol\/futbol-mexicano\/chivastv-confunde-a-idolo-rojiblanco-con-un-americanista\/2017\/08","title":{"rendered":"ChivasTV confunde a \u00eddolo rojiblanco con un americanista"},"content":{"rendered":"<p>Previo al partido donde el <span style=\"color: #3366ff;\"><a style=\"color: #3366ff;\" href=\"https:\/\/www.futboltotal.com.mx\/2017\/08\/resultados-chivas-4-2-juarez-copa-mx\/\" target=\"_blank\" rel=\"noopener noreferrer\">Guadalajara derrot\u00f3 a FC Ju\u00e1rez en la Copa MX<\/a><\/span>, la transmisi\u00f3n de la plataforma <strong>Chivas TV<\/strong> realiz\u00f3 el previo del partido con varios comentaristas.<\/p>\n<p>Durante el partido, el ex capit\u00e1n e \u00eddolo del <em>Reba\u00f1o Sagrado<\/em>, <strong>H\u00e9ctor Reynoso<\/strong>, fue el invitado de honor a llevar la transmisi\u00f3n del encuentro\u00a0y estuvo analizando al equipo de sus amores.<\/p>\n<p>El problema apareci\u00f3 cuando anunciaron a<strong> Reynoso<\/strong> en las redes sociales, pues la gente de <strong>Chivas TV<\/strong>, confundi\u00f3 al famoso &#8220;Sans\u00f3n&#8221; con el \u00eddolo y ex jugador del Am\u00e9rica, <strong>Carlos Reinoso<\/strong>.<\/p>\n<p style=\"text-align: center;\"><span style=\"color: #3366ff;\"><a style=\"color: #3366ff;\" href=\"https:\/\/www.futboltotal.com.mx\/2017\/08\/la-liga-rechazo-pago-222-millones-euros-neymar\/\">VER M\u00c1S: \u00a1LaLiga rechaz\u00f3 pago de 222 millones de euros por Neymar!<\/a><\/span><\/p>\n<p style=\"text-align: center;\"><a href=\"https:\/\/www.futboltotal.com.mx\/wp-content\/uploads\/2017\/08\/chivas-tv.jpg\"><img decoding=\"async\" loading=\"lazy\" class=\"size-full wp-image-491865 aligncenter\" src=\"https:\/\/www.futboltotal.com.mx\/wp-content\/uploads\/2017\/08\/chivas-tv.jpg\" alt=\"ChivasTV confunde a \u00eddolo rojiblanco con un americanista 0\" srcset=\"http:\/\/desarrollo.grupomedios.com\/futbol\/wp-content\/uploads\/2017\/08\/chivas-tv.jpg 1024w, http:\/\/desarrollo.grupomedios.com\/futbol\/wp-content\/uploads\/2017\/08\/chivas-tv-300x273.jpg 300w, http:\/\/desarrollo.grupomedios.com\/futbol\/wp-content\/uploads\/2017\/08\/chivas-tv-768x699.jpg 768w\" sizes=\"(max-width: 1024px) 100vw, 1024px\" \/><\/a><\/p>\n","protected":false},"excerpt":{"rendered":"<p>En la transmisi\u00f3n confundieron a H\u00e9ctor Reynoso.<\/p>\n","protected":false},"author":20,"featured_media":451803,"comment_status":"closed","ping_status":"closed","sticky":false,"template":"","format":"standard","meta":[],"categories":[2198,3845],"tags":[5959,70,7110,64],"_links":{"self":[{"href":"http:\/\/desarrollo.grupomedios.com\/futbol\/wp-json\/wp\/v2\/posts\/491852"}],"collection":[{"href":"http:\/\/desarrollo.grupomedios.com\/futbol\/wp-json\/wp\/v2\/posts"}],"about":[{"href":"http:\/\/desarrollo.grupomedios.com\/futbol\/wp-json\/wp\/v2\/types\/post"}],"author":[{"embeddable":true,"href":"http:\/\/desarrollo.grupomedios.com\/futbol\/wp-json\/wp\/v2\/users\/20"}],"replies":[{"embeddable":true,"href":"http:\/\/desarrollo.grupomedios.com\/futbol\/wp-json\/wp\/v2\/comments?post=491852"}],"version-history":[{"count":1,"href":"http:\/\/desarrollo.grupomedios.com\/futbol\/wp-json\/wp\/v2\/posts\/491852\/revisions"}],"predecessor-version":[{"id":491866,"href":"http:\/\/desarrollo.grupomedios.com\/futbol\/wp-json\/wp\/v2\/posts\/491852\/revisions\/491866"}],"wp:featuredmedia":[{"embeddable":true,"href":"http:\/\/desarrollo.grupomedios.com\/futbol\/wp-json\/wp\/v2\/media\/451803"}],"wp:attachment":[{"href":"http:\/\/desarrollo.grupomedios.com\/futbol\/wp-json\/wp\/v2\/media?parent=491852"}],"wp:term":[{"taxonomy":"category","embeddable":true,"href":"http:\/\/desarrollo.grupomedios.com\/futbol\/wp-json\/wp\/v2\/categories?post=491852"},{"taxonomy":"post_tag","embeddable":true,"href":"http:\/\/desarrollo.grupomedios.com\/futbol\/wp-json\/wp\/v2\/tags?post=491852"}],"curies":[{"name":"wp","href":"https:\/\/api.w.org\/{rel}","templated":true}]}}