{"id":491867,"date":"2017-08-03T10:07:06","date_gmt":"2017-08-03T15:07:06","guid":{"rendered":"https:\/\/www.futboltotal.com.mx\/?p=491867"},"modified":"2017-08-03T10:09:46","modified_gmt":"2017-08-03T15:09:46","slug":"nacho-ambriz-reencuentro-chivas-peor-etapa","status":"publish","type":"post","link":"http:\/\/desarrollo.grupomedios.com\/futbol\/destacado-home\/nacho-ambriz-reencuentro-chivas-peor-etapa\/2017\/08","title":{"rendered":"Nacho Ambriz y su nuevo reencuentro con Chivas, su peor etapa"},"content":{"rendered":"<p>En el pr\u00f3ximo partido de la Jornada 3 del Apertura 2017, el <strong>Guadalajara<\/strong> recibir\u00e1 al <strong>Necaxa<\/strong> en la cancha del estadio <strong>Chivas<\/strong>, donde <strong>Nacho Ambriz<\/strong> volver\u00e1 una vez m\u00e1s a la casa del equipo al que alguna vez dirigi\u00f3.<\/p>\n<p>Incluso se podr\u00eda decir que el paso de <em>Nachito<\/em> con <strong>Chivas<\/strong> es el peor que ha tenido en su carrera como entrenador, pues los n\u00fameros no le resultaron durante el Clausura 2012 y apenas pudo completar 12 partidos, adem\u00e1s de una horrorosa participaci\u00f3n en la Copa Libertadores.<\/p>\n<p>Tras cinco a\u00f1os, <strong>Nacho Ambriz<\/strong> vuelve a Guadalajara con m\u00e1s experiencia para tener su reencuentro con <strong>Chivas<\/strong>, su peor etapa.<\/p>\n<p style=\"text-align: center;\"><span style=\"color: #3366ff;\"><a style=\"color: #3366ff;\" href=\"https:\/\/www.futboltotal.com.mx\/2017\/08\/la-liga-rechazo-pago-222-millones-euros-neymar\/\">VER M\u00c1S: \u00a1LaLiga rechaz\u00f3 pago de 222 millones de euros por Neymar!<\/a><\/span><\/p>\n<p>[video_player]https:\/\/player.vimeo.com\/external\/227948895.hd.mp4?s=79b1ab18cf405671e4bb4043e848e2e0865308f7&amp;profile_id=174[\/video_player]<\/p>\n","protected":false},"excerpt":{"rendered":"<p>El ahora t\u00e9cnico de Rayos volver\u00e1 a la casa del Reba\u00f1o Sagrado.<\/p>\n","protected":false},"author":129,"featured_media":491873,"comment_status":"closed","ping_status":"closed","sticky":false,"template":"","format":"standard","meta":[],"categories":[5,2198,3845],"tags":[70,511,261],"_links":{"self":[{"href":"http:\/\/desarrollo.grupomedios.com\/futbol\/wp-json\/wp\/v2\/posts\/491867"}],"collection":[{"href":"http:\/\/desarrollo.grupomedios.com\/futbol\/wp-json\/wp\/v2\/posts"}],"about":[{"href":"http:\/\/desarrollo.grupomedios.com\/futbol\/wp-json\/wp\/v2\/types\/post"}],"author":[{"embeddable":true,"href":"http:\/\/desarrollo.grupomedios.com\/futbol\/wp-json\/wp\/v2\/users\/129"}],"replies":[{"embeddable":true,"href":"http:\/\/desarrollo.grupomedios.com\/futbol\/wp-json\/wp\/v2\/comments?post=491867"}],"version-history":[{"count":2,"href":"http:\/\/desarrollo.grupomedios.com\/futbol\/wp-json\/wp\/v2\/posts\/491867\/revisions"}],"predecessor-version":[{"id":491878,"href":"http:\/\/desarrollo.grupomedios.com\/futbol\/wp-json\/wp\/v2\/posts\/491867\/revisions\/491878"}],"wp:featuredmedia":[{"embeddable":true,"href":"http:\/\/desarrollo.grupomedios.com\/futbol\/wp-json\/wp\/v2\/media\/491873"}],"wp:attachment":[{"href":"http:\/\/desarrollo.grupomedios.com\/futbol\/wp-json\/wp\/v2\/media?parent=491867"}],"wp:term":[{"taxonomy":"category","embeddable":true,"href":"http:\/\/desarrollo.grupomedios.com\/futbol\/wp-json\/wp\/v2\/categories?post=491867"},{"taxonomy":"post_tag","embeddable":true,"href":"http:\/\/desarrollo.grupomedios.com\/futbol\/wp-json\/wp\/v2\/tags?post=491867"}],"curies":[{"name":"wp","href":"https:\/\/api.w.org\/{rel}","templated":true}]}}