{"id":491872,"date":"2017-08-03T11:25:02","date_gmt":"2017-08-03T16:25:02","guid":{"rendered":"https:\/\/www.futboltotal.com.mx\/?p=491872"},"modified":"2025-12-17T11:58:13","modified_gmt":"2025-12-17T17:58:13","slug":"cdmx-oficializa-candidatura-mundial-2026","status":"publish","type":"post","link":"http:\/\/desarrollo.grupomedios.com\/futbol\/destacado-home\/cdmx-oficializa-candidatura-mundial-2026\/2017\/08","title":{"rendered":"CDMX oficializa candidatura para Mundial de 2026"},"content":{"rendered":"<p><strong>M\u00e9xico, Estados Unidos y Canad\u00e1<\/strong> declararon su intenci\u00f3n de presentar una candidatura conjunta para ser sedes de la <strong>Copa Mundial de la FIFA 2026<\/strong> y ahora, la Ciudad de M\u00e9xico ha oficializado su postura.<\/p>\n<p>Directivos de la\u00a0Federaci\u00f3n Mexicana de F\u00fatbol visitaron a <strong>Miguel \u00c1ngel Mancera<\/strong>, jefe de Gobierno de la Ciudad de M\u00e9xico, para oficializar la candidatura de la capital\u00a0como sede del Mundial.<\/p>\n<p style=\"text-align: center;\"><span style=\"color: #333399;\"><a style=\"color: #333399;\" href=\"https:\/\/www.futboltotal.com.mx\/2017\/08\/diego-costa-forzara-salida-chelsea-volver-atletico-madrid\/\" target=\"_blank\" rel=\"noopener noreferrer\">VER M\u00c1S: Diego Costa forzar\u00e1 su salida de Chelsea para llegar al Atleti<\/a><\/span><\/p>\n<p><strong>Decio de Mar\u00eda<\/strong>, presidente del organismo; <strong>Guillermo Cant\u00fa<\/strong>, secretario General, <strong>\u00cd\u00f1igo Riestra<\/strong>, director de Asuntos Internacionales; adem\u00e1s de <strong>Horacio de la Vega<\/strong>, director del Instituto del Deporte de la Ciudad de M\u00e9xico, fueron quienes estuvieron presentes con Mancera.<\/p>\n<p>De igual manera, el acto cont\u00f3 con la presencia de <strong>Yon de Luisa<\/strong>, vicepresidente de Televisa, quien fue designado director de la Candidatura por parte de M\u00e9xico.<\/p>\n<p style=\"text-align: center;\"><span style=\"color: #333399;\"><a style=\"color: #333399;\" href=\"https:\/\/www.futboltotal.com.mx\/2017\/08\/la-liga-rechazo-pago-222-millones-euros-neymar\/\" target=\"_blank\" rel=\"noopener noreferrer\">VER M\u00c1S: En Espa\u00f1a rechazan pago de cl\u00e1usula por Neymar<\/a><\/span><\/p>\n<p><a href=\"https:\/\/www.futboltotal.com.mx\/wp-content\/uploads\/2017\/08\/fmf-mancera.jpg\"><img decoding=\"async\" loading=\"lazy\" class=\"alignnone size-full wp-image-491875\" src=\"https:\/\/www.futboltotal.com.mx\/wp-content\/uploads\/2017\/08\/fmf-mancera.jpg\" alt=\"CDMX oficializa candidatura para Mundial de 2026 0\" srcset=\"http:\/\/desarrollo.grupomedios.com\/futbol\/wp-content\/uploads\/2017\/08\/fmf-mancera.jpg 600w, http:\/\/desarrollo.grupomedios.com\/futbol\/wp-content\/uploads\/2017\/08\/fmf-mancera-300x200.jpg 300w\" sizes=\"(max-width: 600px) 100vw, 600px\" \/><\/a><\/p>\n","protected":false},"excerpt":{"rendered":"<p>Directivos se reunieron con el jefe de Gobierno capitalino<\/p>\n","protected":false},"author":20,"featured_media":520496,"comment_status":"closed","ping_status":"closed","sticky":false,"template":"","format":"standard","meta":[],"categories":[5,3839,2198],"tags":[7151,65,5363],"_links":{"self":[{"href":"http:\/\/desarrollo.grupomedios.com\/futbol\/wp-json\/wp\/v2\/posts\/491872"}],"collection":[{"href":"http:\/\/desarrollo.grupomedios.com\/futbol\/wp-json\/wp\/v2\/posts"}],"about":[{"href":"http:\/\/desarrollo.grupomedios.com\/futbol\/wp-json\/wp\/v2\/types\/post"}],"author":[{"embeddable":true,"href":"http:\/\/desarrollo.grupomedios.com\/futbol\/wp-json\/wp\/v2\/users\/20"}],"replies":[{"embeddable":true,"href":"http:\/\/desarrollo.grupomedios.com\/futbol\/wp-json\/wp\/v2\/comments?post=491872"}],"version-history":[{"count":2,"href":"http:\/\/desarrollo.grupomedios.com\/futbol\/wp-json\/wp\/v2\/posts\/491872\/revisions"}],"predecessor-version":[{"id":491923,"href":"http:\/\/desarrollo.grupomedios.com\/futbol\/wp-json\/wp\/v2\/posts\/491872\/revisions\/491923"}],"wp:featuredmedia":[{"embeddable":true,"href":"http:\/\/desarrollo.grupomedios.com\/futbol\/wp-json\/wp\/v2\/media\/520496"}],"wp:attachment":[{"href":"http:\/\/desarrollo.grupomedios.com\/futbol\/wp-json\/wp\/v2\/media?parent=491872"}],"wp:term":[{"taxonomy":"category","embeddable":true,"href":"http:\/\/desarrollo.grupomedios.com\/futbol\/wp-json\/wp\/v2\/categories?post=491872"},{"taxonomy":"post_tag","embeddable":true,"href":"http:\/\/desarrollo.grupomedios.com\/futbol\/wp-json\/wp\/v2\/tags?post=491872"}],"curies":[{"name":"wp","href":"https:\/\/api.w.org\/{rel}","templated":true}]}}