{"id":491881,"date":"2017-08-03T10:20:35","date_gmt":"2017-08-03T15:20:35","guid":{"rendered":"https:\/\/www.futboltotal.com.mx\/?p=491881"},"modified":"2017-08-03T10:20:35","modified_gmt":"2017-08-03T15:20:35","slug":"monarcas-morelia-trollea-forma-epica-a-pique","status":"publish","type":"post","link":"http:\/\/desarrollo.grupomedios.com\/futbol\/futbol-mexicano\/monarcas-morelia-trollea-forma-epica-a-pique\/2017\/08","title":{"rendered":"Monarcas Morelia trollea de forma \u00e9pica a Piqu\u00e9"},"content":{"rendered":"<p>A trav\u00e9s de su cuenta de Twitter, <strong>Monarcas Morelia<\/strong> dio a conocer que <strong>Raul Ruid\u00edaz<\/strong> se quedar\u00e1 en Monarcas y de paso, trolleo de forma \u00e9pica a <strong>Gerard Piqu\u00e9<\/strong>.<\/p>\n<p>Recordaron el tuit que lanz\u00f3 el defensa del Barcelona con una fotograf\u00eda junto al brasile\u00f1o,<strong> Neymar<\/strong> en la que dec\u00eda &#8220;Se queda&#8221;, sin embargo, sabemos el destino de esa publicaci\u00f3n.<\/p>\n<p style=\"text-align: center;\"><span style=\"color: #333399;\"><a style=\"color: #333399;\" href=\"https:\/\/www.futboltotal.com.mx\/2017\/08\/mateus-uribe-ya-esta-america-presumio-numero\/\" target=\"_blank\" rel=\"noopener noreferrer\">VER M\u00c1S: Mateus Uribe ya tiene dorsal con el Am\u00e9rica<\/a><\/span><\/p>\n<p>Los michoacanos replicaron esa fotograf\u00eda de Piqu\u00e9 pero con Ruid\u00edaz con la leyenda;\u00a0\u201c<strong>hasta Gerard Piqu\u00e9 lo sab\u00eda\u2026 Ra\u00fal Ruid\u00edaz es y ser\u00e1 Rojiamarillo\u201d<\/strong>.<\/p>\n<blockquote class=\"twitter-tweet\" data-lang=\"es\">\n<p dir=\"ltr\" lang=\"es\">Hasta <a href=\"https:\/\/twitter.com\/3gerardpique\">@3gerardpique<\/a> lo sab\u00eda&#8230; <a href=\"https:\/\/twitter.com\/RaulRuidiazM\">@RaulRuidiazM<\/a> es y ser\u00e1 Rojiamarillo.  <a href=\"https:\/\/t.co\/ESTWL2RQSA\">pic.twitter.com\/ESTWL2RQSA<\/a><\/p>\n<p>\u2014 Monarcas Morelia (@FuerzaMonarca) <a href=\"https:\/\/twitter.com\/FuerzaMonarca\/status\/892892507448762368\">2 de agosto de 2017<\/a><\/p><\/blockquote>\n<p><script async src=\"\/\/platform.twitter.com\/widgets.js\" charset=\"utf-8\"><\/script><\/p>\n<p style=\"text-align: center;\"><span style=\"color: #333399;\"><a style=\"color: #333399;\" href=\"https:\/\/www.futboltotal.com.mx\/2017\/08\/borussia-dortmund-dejaria-ir-dembele-100-millones\/\" target=\"_blank\" rel=\"noopener noreferrer\">VER M\u00c1S: Barcelona buscar\u00eda a este jugador del Borussia Dortmund\u00a0<\/a><\/span><\/p>\n","protected":false},"excerpt":{"rendered":"<p>El club michoacano se burlo de el defensa espa\u00f1ol<\/p>\n","protected":false},"author":20,"featured_media":434711,"comment_status":"closed","ping_status":"closed","sticky":false,"template":"","format":"standard","meta":[],"categories":[5419,2198,3845],"tags":[6015,784,7620],"_links":{"self":[{"href":"http:\/\/desarrollo.grupomedios.com\/futbol\/wp-json\/wp\/v2\/posts\/491881"}],"collection":[{"href":"http:\/\/desarrollo.grupomedios.com\/futbol\/wp-json\/wp\/v2\/posts"}],"about":[{"href":"http:\/\/desarrollo.grupomedios.com\/futbol\/wp-json\/wp\/v2\/types\/post"}],"author":[{"embeddable":true,"href":"http:\/\/desarrollo.grupomedios.com\/futbol\/wp-json\/wp\/v2\/users\/20"}],"replies":[{"embeddable":true,"href":"http:\/\/desarrollo.grupomedios.com\/futbol\/wp-json\/wp\/v2\/comments?post=491881"}],"version-history":[{"count":1,"href":"http:\/\/desarrollo.grupomedios.com\/futbol\/wp-json\/wp\/v2\/posts\/491881\/revisions"}],"predecessor-version":[{"id":491883,"href":"http:\/\/desarrollo.grupomedios.com\/futbol\/wp-json\/wp\/v2\/posts\/491881\/revisions\/491883"}],"wp:featuredmedia":[{"embeddable":true,"href":"http:\/\/desarrollo.grupomedios.com\/futbol\/wp-json\/wp\/v2\/media\/434711"}],"wp:attachment":[{"href":"http:\/\/desarrollo.grupomedios.com\/futbol\/wp-json\/wp\/v2\/media?parent=491881"}],"wp:term":[{"taxonomy":"category","embeddable":true,"href":"http:\/\/desarrollo.grupomedios.com\/futbol\/wp-json\/wp\/v2\/categories?post=491881"},{"taxonomy":"post_tag","embeddable":true,"href":"http:\/\/desarrollo.grupomedios.com\/futbol\/wp-json\/wp\/v2\/tags?post=491881"}],"curies":[{"name":"wp","href":"https:\/\/api.w.org\/{rel}","templated":true}]}}