{"id":491926,"date":"2017-08-03T12:16:39","date_gmt":"2017-08-03T17:16:39","guid":{"rendered":"https:\/\/www.futboltotal.com.mx\/?p=491926"},"modified":"2017-08-03T12:16:39","modified_gmt":"2017-08-03T17:16:39","slug":"carlos-salcedo-listo-debutar-ante-betis-guardado","status":"publish","type":"post","link":"http:\/\/desarrollo.grupomedios.com\/futbol\/futbol-internacional\/carlos-salcedo-listo-debutar-ante-betis-guardado\/2017\/08","title":{"rendered":"Carlos Salcedo, listo para debutar ante el Betis de Guardado"},"content":{"rendered":"<p>El defensa mexicano, <strong>Carlos Salcedo<\/strong>, invit\u00f3 a los aficionados a seguir el encuentro que sostendr\u00e1 su escuadra ante el <strong>Real Betis<\/strong>.<\/p>\n<p>El\u00a0<b>Eintracht Frankfurt\u00a0<\/b>lanz\u00f3 un video a trav\u00e9s de redes sociales en el que aparece el defensa mexicano; \u201cestoy contento de estar con el equipo, motivado por el regreso. Me voy a enfrentar a\u00a0<b>Andr\u00e9s Guardado<\/b>\u00a0y a mi excompa\u00f1ero <strong>Cristian Tello<\/strong>\u201d, se\u00f1al\u00f3 en Twitter.<\/p>\n<blockquote class=\"twitter-video\" data-lang=\"es\">\n<p dir=\"ltr\" lang=\"es\">&#x1f1f2;&#x1f1fd; &#x1f60a; &#x1f1ea;&#x1f1f8; <a href=\"https:\/\/twitter.com\/Csalcedojr\">@Csalcedojr<\/a> le tiene un mensaje a nuestra querida afici\u00f3n y al <a href=\"https:\/\/twitter.com\/RealBetis\">@RealBetis<\/a>, previo al duelo amistoso del s\u00e1bado 5 de agosto. <a href=\"https:\/\/twitter.com\/hashtag\/SGE?src=hash\">#SGE<\/a> <a href=\"https:\/\/t.co\/KbDA8ORqN2\">pic.twitter.com\/KbDA8ORqN2<\/a><\/p>\n<p>\u2014 eintracht_esp (@eintracht_esp) <a href=\"https:\/\/twitter.com\/eintracht_esp\/status\/893109309789351936\">3 de agosto de 2017<\/a><\/p><\/blockquote>\n<p><script async src=\"\/\/platform.twitter.com\/widgets.js\" charset=\"utf-8\"><\/script><\/p>\n<p style=\"text-align: center;\"><span style=\"color: #333399;\"><a style=\"color: #333399;\" href=\"https:\/\/www.futboltotal.com.mx\/2017\/08\/inter-ofrece-50-millones-euros-arturo-vidal\/\" target=\"_blank\" rel=\"noopener noreferrer\">VER M\u00c1S: Inter ofrece una millonada por Arturo Vidal<\/a><\/span><\/p>\n<p>Junto a Marco Fabi\u00e1n, sostendr\u00e1n un partido amistoso el pr\u00f3ximo s\u00e1bado contra\u00a0<b>Real Betis\u00a0<\/b>donde milita el mediocampista mexicano,\u00a0<b>Andr\u00e9s Guardado<\/b>.<\/p>\n<p>Por su parte, Real Betis, realiz\u00f3 una invitaci\u00f3n similar pero usando a Andr\u00e9s Guardado como portavoz.<\/p>\n<blockquote class=\"twitter-video\" data-lang=\"es\">\n<p dir=\"ltr\" lang=\"es\">\u00a1Hola, <a href=\"https:\/\/twitter.com\/eintracht_esp\">@eintracht_esp<\/a>! &#x1f44b;<\/p>\n<p>\u00a1<a href=\"https:\/\/twitter.com\/AGuardado18\">@AGuardado18<\/a> tiene un mensaje para <a href=\"https:\/\/twitter.com\/MarcoFabian_10\">@MarcoFabian_10<\/a> y <a href=\"https:\/\/twitter.com\/Csalcedojr\">@Csalcedojr<\/a>! &#x1f4e9;&#x1f1f2;&#x1f1fd; \u00a1Nos vemos el s\u00e1bado! &#x1f3df;&#x1f60a; <a href=\"https:\/\/t.co\/j3NOrlVX0t\">pic.twitter.com\/j3NOrlVX0t<\/a><\/p>\n<p>\u2014 Real Betis Balompi\u00e9 (@RealBetis) <a href=\"https:\/\/twitter.com\/RealBetis\/status\/893154516840755205\">3 de agosto de 2017<\/a><\/p><\/blockquote>\n<p><script async src=\"\/\/platform.twitter.com\/widgets.js\" charset=\"utf-8\"><\/script><\/p>\n<p style=\"text-align: center;\"><span style=\"color: #333399;\"><a style=\"color: #333399;\" href=\"https:\/\/www.futboltotal.com.mx\/2017\/08\/fan-west-ham-se-tatua-bandera-mexico-chicharito\/\" target=\"_blank\" rel=\"noopener noreferrer\">VER M\u00c1S: Fan de West Ham se tat\u00faa bandera de M\u00e9xico por Chicharito<\/a><\/span><\/p>\n","protected":false},"excerpt":{"rendered":"<p>Tres mexicanos podr\u00edan estar en la cancha durante el duelo<\/p>\n","protected":false},"author":20,"featured_media":491339,"comment_status":"closed","ping_status":"closed","sticky":false,"template":"","format":"standard","meta":[],"categories":[3839],"tags":[6046,5531,3588,9606,1192],"_links":{"self":[{"href":"http:\/\/desarrollo.grupomedios.com\/futbol\/wp-json\/wp\/v2\/posts\/491926"}],"collection":[{"href":"http:\/\/desarrollo.grupomedios.com\/futbol\/wp-json\/wp\/v2\/posts"}],"about":[{"href":"http:\/\/desarrollo.grupomedios.com\/futbol\/wp-json\/wp\/v2\/types\/post"}],"author":[{"embeddable":true,"href":"http:\/\/desarrollo.grupomedios.com\/futbol\/wp-json\/wp\/v2\/users\/20"}],"replies":[{"embeddable":true,"href":"http:\/\/desarrollo.grupomedios.com\/futbol\/wp-json\/wp\/v2\/comments?post=491926"}],"version-history":[{"count":1,"href":"http:\/\/desarrollo.grupomedios.com\/futbol\/wp-json\/wp\/v2\/posts\/491926\/revisions"}],"predecessor-version":[{"id":491929,"href":"http:\/\/desarrollo.grupomedios.com\/futbol\/wp-json\/wp\/v2\/posts\/491926\/revisions\/491929"}],"wp:featuredmedia":[{"embeddable":true,"href":"http:\/\/desarrollo.grupomedios.com\/futbol\/wp-json\/wp\/v2\/media\/491339"}],"wp:attachment":[{"href":"http:\/\/desarrollo.grupomedios.com\/futbol\/wp-json\/wp\/v2\/media?parent=491926"}],"wp:term":[{"taxonomy":"category","embeddable":true,"href":"http:\/\/desarrollo.grupomedios.com\/futbol\/wp-json\/wp\/v2\/categories?post=491926"},{"taxonomy":"post_tag","embeddable":true,"href":"http:\/\/desarrollo.grupomedios.com\/futbol\/wp-json\/wp\/v2\/tags?post=491926"}],"curies":[{"name":"wp","href":"https:\/\/api.w.org\/{rel}","templated":true}]}}