{"id":491934,"date":"2017-08-03T21:03:03","date_gmt":"2017-08-04T02:03:03","guid":{"rendered":"https:\/\/www.futboltotal.com.mx\/?p=491934"},"modified":"2017-08-03T21:03:03","modified_gmt":"2017-08-04T02:03:03","slug":"causa-y-efecto-de-paul-aguilar","status":"publish","type":"post","link":"http:\/\/desarrollo.grupomedios.com\/futbol\/futbol-mexicano\/causa-y-efecto-de-paul-aguilar\/2017\/08","title":{"rendered":"Causa y efecto de&#8230; Paul Aguilar"},"content":{"rendered":"<p><span style=\"color: #333399;\"><a style=\"color: #333399;\" href=\"https:\/\/www.futboltotal.com.mx\/2017\/05\/americanista-paul-aguilar-contemplo-retiro-lesion\/\" target=\"_blank\" rel=\"noopener noreferrer\"><strong>Paul Nicol\u00e1s Aguilar Rojas<\/strong><\/a><\/span>, naci\u00f3 el 6 de marzo de 1986 en <strong>Concordia, Sinaloa<\/strong>. El lateral es apodado el <em>Cachor\u00f3n<\/em>, en alusi\u00f3n a su complexi\u00f3n f\u00edsica, misma que se asemeja a unas peque\u00f1as lagartijas que se encuentran en\u00a0su tierra natal.<\/p>\n<p><strong>Aguilar<\/strong> desciende de una familia muy humilde que en ocasiones no ten\u00eda que comer m\u00e1s que tortillas con sal. De peque\u00f1o fue un amante de los deportes, el beisbol y el futbol hicieron que se olvidara de su pobreza, misma que lo orill\u00f3 a jugar con chilacayotas en lugar de con un bal\u00f3n de futbol, raz\u00f3n por la cual su abuelo quiso que se dedicara al deporte de la <em>Pelota caliente<\/em>; sin embargo, <strong>Paul<\/strong> opt\u00f3 por el balompi\u00e9.<\/p>\n<p style=\"text-align: center;\"><a href=\"https:\/\/www.futboltotal.com.mx\/2017\/08\/en-paris-ya-venden-los-jerseys-del-psg-con-el-10-de-neymar\/\" target=\"_blank\" rel=\"noopener noreferrer\"><span style=\"color: #333399;\">VER M\u00c1S:\u00a0En Par\u00eds ya venden los jerseys del PSG con el 10 de Neymar<\/span><\/a><\/p>\n<p><strong>Paul Aguilar<\/strong> se desempe\u00f1aba como delantero, pero en unas visorias del <span style=\"color: #333399;\"><a style=\"color: #333399;\" href=\"https:\/\/www.futboltotal.com.mx\/2017\/08\/cronica-resultado-pachuca-1-0-cimarrones-copa-mx\/\" target=\"_blank\" rel=\"noopener noreferrer\"><strong>Pachuca<\/strong><\/a><\/span> necesitaban un lateral, situaci\u00f3n que lo oblig\u00f3 a cambiar de posici\u00f3n con tal de seguir sus sue\u00f1os. Entre los 5 y 6 a\u00f1os tuvo que abandonar a su familia para irse a vivir a <strong>Culiac\u00e1n,<\/strong> donde milit\u00f3 para una filial de los <em>Tuzos.<\/em><\/p>\n<p>A los 18 a\u00f1os pens\u00f3 dejar el futbol tras la muerte de sus abuelas y de dos de sus t\u00edos que cuidaron de \u00e9l, pero gracias al apoyo de su familia y a las palabras de su abuela <strong>Elad\u00eda Ram\u00ecrez<\/strong>: \u201cMira hijo te quiero ver jugar profesionalmente no importa en qu\u00e9 equipo\u201d, sigui\u00f3 adelante.<\/p>\n<p style=\"text-align: center;\"><a href=\"https:\/\/www.futboltotal.com.mx\/2017\/08\/carlos-salcedo-listo-debutar-ante-betis-guardado\/\" target=\"_blank\" rel=\"noopener noreferrer\"><span style=\"color: #333399;\">VER M\u00c1S:\u00a0Carlos Salcedo, listo para debutar ante el Betis de Guardado<\/span><\/a><\/p>\n<p>Tras la muerte de sus seres queridos, <strong>Paul Aguilar<\/strong> fue seleccionado en un grupo de 20 futbolistas de entre 400 y lleg\u00f3 a las b\u00e1sicas de <strong>Pachuca<\/strong> en 1997. Su debut en <strong>Primera Divisi\u00f3n<\/strong> se dio el 6 de agosto de 2006 ante <a href=\"https:\/\/www.futboltotal.com.mx\/2017\/08\/cronica-resultado-tigres-1-1-cruz-azul-copa-mx\/\" target=\"_blank\" rel=\"noopener noreferrer\"><span style=\"color: #333399;\"><strong>Cruz Azul<\/strong><\/span><\/a>. Los goles que lo han marcado en su carrera fueron ante <a href=\"https:\/\/www.futboltotal.com.mx\/2017\/08\/america-jugara-copa-mx-con-jovenes-y-guardara-sus-armas-para-pumas\/\" target=\"_blank\" rel=\"noopener noreferrer\"><span style=\"color: #333399;\"><strong>Am\u00e9rica<\/strong><\/span><\/a>, lo que signific\u00f3 su primer diana como profesional, el tanto que le marc\u00f3 a <strong>Chivas<\/strong> el 8 de abril de 2012 en el <em>Cl\u00e1sico de Cl\u00e1sicos<\/em> y el tanto que catapult\u00f3 a <strong>M\u00e9xico<\/strong> a la <strong>Copa Confederaciones Rusia 2017<\/strong> ante <strong>Estados Unidos.<\/strong><\/p>\n<p>[video_player]https:\/\/player.vimeo.com\/external\/227801908.hd.mp4?s=4551f6d456c718113d1a3489bf90b27ac978f14f&amp;profile_id=174[\/video_player]<\/p>\n<p>&nbsp;<\/p>\n","protected":false},"excerpt":{"rendered":"<p>Paul Aguilar, el amo de la banda derecha de Am\u00e9rica<\/p>\n","protected":false},"author":20,"featured_media":491942,"comment_status":"closed","ping_status":"closed","sticky":false,"template":"","format":"standard","meta":[],"categories":[7570,2198,3845],"tags":[5959,65,5968,216],"_links":{"self":[{"href":"http:\/\/desarrollo.grupomedios.com\/futbol\/wp-json\/wp\/v2\/posts\/491934"}],"collection":[{"href":"http:\/\/desarrollo.grupomedios.com\/futbol\/wp-json\/wp\/v2\/posts"}],"about":[{"href":"http:\/\/desarrollo.grupomedios.com\/futbol\/wp-json\/wp\/v2\/types\/post"}],"author":[{"embeddable":true,"href":"http:\/\/desarrollo.grupomedios.com\/futbol\/wp-json\/wp\/v2\/users\/20"}],"replies":[{"embeddable":true,"href":"http:\/\/desarrollo.grupomedios.com\/futbol\/wp-json\/wp\/v2\/comments?post=491934"}],"version-history":[{"count":4,"href":"http:\/\/desarrollo.grupomedios.com\/futbol\/wp-json\/wp\/v2\/posts\/491934\/revisions"}],"predecessor-version":[{"id":491945,"href":"http:\/\/desarrollo.grupomedios.com\/futbol\/wp-json\/wp\/v2\/posts\/491934\/revisions\/491945"}],"wp:featuredmedia":[{"embeddable":true,"href":"http:\/\/desarrollo.grupomedios.com\/futbol\/wp-json\/wp\/v2\/media\/491942"}],"wp:attachment":[{"href":"http:\/\/desarrollo.grupomedios.com\/futbol\/wp-json\/wp\/v2\/media?parent=491934"}],"wp:term":[{"taxonomy":"category","embeddable":true,"href":"http:\/\/desarrollo.grupomedios.com\/futbol\/wp-json\/wp\/v2\/categories?post=491934"},{"taxonomy":"post_tag","embeddable":true,"href":"http:\/\/desarrollo.grupomedios.com\/futbol\/wp-json\/wp\/v2\/tags?post=491934"}],"curies":[{"name":"wp","href":"https:\/\/api.w.org\/{rel}","templated":true}]}}