{"id":491956,"date":"2017-08-03T15:32:42","date_gmt":"2017-08-03T20:32:42","guid":{"rendered":"https:\/\/www.futboltotal.com.mx\/?p=491956"},"modified":"2017-08-03T15:32:42","modified_gmt":"2017-08-03T20:32:42","slug":"barras-alentaran-en-cruz-azul-vs-america-liga-femenil-mx","status":"publish","type":"post","link":"http:\/\/desarrollo.grupomedios.com\/futbol\/destacado-home\/barras-alentaran-en-cruz-azul-vs-america-liga-femenil-mx\/2017\/08","title":{"rendered":"Barras alentar\u00e1n en el Cruz Azul vs Am\u00e9rica de la Liga Femenil MX"},"content":{"rendered":"<p>Este viernes se llevar\u00e1 a cabo la primera edici\u00f3n del <em>Cl\u00e1sico Joven<\/em> entre <a href=\"https:\/\/www.futboltotal.com.mx\/2017\/08\/cronica-resultado-tigres-1-1-cruz-azul-copa-mx\/\" target=\"_blank\" rel=\"noopener noreferrer\"><span style=\"color: #333399;\"><strong>Cruz Azul<\/strong><\/span><\/a> y <a href=\"https:\/\/www.futboltotal.com.mx\/2017\/08\/mateus-rechazo-a-tigres-america-grande\/\" target=\"_blank\" rel=\"noopener noreferrer\"><span style=\"color: #333399;\"><strong>Am\u00e9rica<\/strong><\/span><\/a> en la <a href=\"https:\/\/www.futboltotal.com.mx\/2017\/08\/estadios-primera-recibiran-cuatro-juegos-la-liga-mx-femenil\/\" target=\"_blank\" rel=\"noopener noreferrer\"><span style=\"color: #333399;\"><strong>Liga Femenil MX<\/strong><\/span><\/a>, tendr\u00e1 el apoyo total de las barras de animaci\u00f3n de ambos conjuntos, <em>La Monumental<\/em> por parte de las <em>\u00c1guilas<\/em>\u00a0y <em>La Sangre Azul<\/em> por los <em>Cementeros.<\/em><\/p>\n<p style=\"text-align: center;\"><a href=\"https:\/\/www.futboltotal.com.mx\/2017\/08\/jorge-campos-aseguro-que-pumas-no-debe-rogarle-a-gaston-silva\/\" target=\"_blank\" rel=\"noopener noreferrer\"><span style=\"color: #333399;\">VER M\u00c1S:\u00a0Jorge Campos asegur\u00f3 que Pumas no debe rogarle a Gast\u00f3n Silva<\/span><\/a><\/p>\n<p>Esta ser\u00e1 la primera vez que se cobre la entrada para un duelo de la reci\u00e9n creada <strong>Liga Femenil MX<\/strong>, pues las entradas para todas las localidades tendr\u00e1n un costo de 40 pesos.<\/p>\n<p>Ambas barras de animaci\u00f3n han confirmado su asistencia para apoyar a las futbolistas mexicanas, en la <strong>Jornada 2<\/strong> del <strong>Apertura 2017<\/strong>, por lo que se espera que el <strong>Estadio Azul<\/strong> registre una buena asistencia.<\/p>\n<p style=\"text-align: center;\"><a href=\"https:\/\/www.futboltotal.com.mx\/2017\/08\/psg-hace-oficial-fichaje-de-neymar\/\" target=\"_blank\" rel=\"noopener noreferrer\"><span style=\"color: #333399;\">VER M\u00c1S:\u00a0PSG hace oficial el fichaje de Neymar<\/span><\/a><\/p>\n","protected":false},"excerpt":{"rendered":"<p>Cl\u00e1sico joven femenil tendr\u00e1 el apoyo de sus barras<\/p>\n","protected":false},"author":20,"featured_media":491959,"comment_status":"closed","ping_status":"closed","sticky":false,"template":"","format":"standard","meta":[],"categories":[5,2198,3845],"tags":[5959,8357,5962,3323,8026],"_links":{"self":[{"href":"http:\/\/desarrollo.grupomedios.com\/futbol\/wp-json\/wp\/v2\/posts\/491956"}],"collection":[{"href":"http:\/\/desarrollo.grupomedios.com\/futbol\/wp-json\/wp\/v2\/posts"}],"about":[{"href":"http:\/\/desarrollo.grupomedios.com\/futbol\/wp-json\/wp\/v2\/types\/post"}],"author":[{"embeddable":true,"href":"http:\/\/desarrollo.grupomedios.com\/futbol\/wp-json\/wp\/v2\/users\/20"}],"replies":[{"embeddable":true,"href":"http:\/\/desarrollo.grupomedios.com\/futbol\/wp-json\/wp\/v2\/comments?post=491956"}],"version-history":[{"count":1,"href":"http:\/\/desarrollo.grupomedios.com\/futbol\/wp-json\/wp\/v2\/posts\/491956\/revisions"}],"predecessor-version":[{"id":491960,"href":"http:\/\/desarrollo.grupomedios.com\/futbol\/wp-json\/wp\/v2\/posts\/491956\/revisions\/491960"}],"wp:featuredmedia":[{"embeddable":true,"href":"http:\/\/desarrollo.grupomedios.com\/futbol\/wp-json\/wp\/v2\/media\/491959"}],"wp:attachment":[{"href":"http:\/\/desarrollo.grupomedios.com\/futbol\/wp-json\/wp\/v2\/media?parent=491956"}],"wp:term":[{"taxonomy":"category","embeddable":true,"href":"http:\/\/desarrollo.grupomedios.com\/futbol\/wp-json\/wp\/v2\/categories?post=491956"},{"taxonomy":"post_tag","embeddable":true,"href":"http:\/\/desarrollo.grupomedios.com\/futbol\/wp-json\/wp\/v2\/tags?post=491956"}],"curies":[{"name":"wp","href":"https:\/\/api.w.org\/{rel}","templated":true}]}}