{"id":491964,"date":"2017-08-03T15:52:29","date_gmt":"2017-08-03T20:52:29","guid":{"rendered":"https:\/\/www.futboltotal.com.mx\/?p=491964"},"modified":"2017-08-03T15:54:46","modified_gmt":"2017-08-03T20:54:46","slug":"osijek-1-0-psv-europa-league","status":"publish","type":"post","link":"http:\/\/desarrollo.grupomedios.com\/futbol\/destacado-home\/osijek-1-0-psv-europa-league\/2017\/08","title":{"rendered":"Chucky Lozano y PSV quedan fuera de Europa League"},"content":{"rendered":"<p>El conjunto del mexicano, <strong>Hirving Chucky Lozano<\/strong>, qued\u00f3 fuera de la <strong>Europa League<\/strong> al perder ante el <strong>Osijek<\/strong> de Croacia por marcador global de 2-0.<\/p>\n<p>Un solitario gol de <strong>Bockaj<\/strong> por parte de los croatas fue suficiente para darle el triunfo sobre los holandeses.<\/p>\n<blockquote class=\"twitter-video\" data-lang=\"es\">\n<p dir=\"ltr\" lang=\"und\">Prekrasan gol Bo\u010dkaja za 1-0. Bravo Osijek! <a href=\"https:\/\/twitter.com\/hashtag\/OsijekPSV?src=hash\">#OsijekPSV<\/a> <a href=\"https:\/\/t.co\/PwfmxUSR06\">pic.twitter.com\/PwfmxUSR06<\/a><\/p>\n<p>\u2014 Andrej (@andrej45_) <a href=\"https:\/\/twitter.com\/andrej45_\/status\/893190649855520768\">3 de agosto de 2017<\/a><\/p><\/blockquote>\n<p><script async src=\"\/\/platform.twitter.com\/widgets.js\" charset=\"utf-8\"><\/script><\/p>\n<p style=\"text-align: center;\"><span style=\"color: #333399;\"><a style=\"color: #333399;\" href=\"https:\/\/www.futboltotal.com.mx\/2017\/08\/psg-hace-oficial-fichaje-de-neymar\/\" target=\"_blank\" rel=\"noopener noreferrer\">VER M\u00c1S: PSG hace oficial la llegada de Neymar<\/a><\/span><\/p>\n<p>Chucky Lozano fue titular en el encuentro y <strong>disput\u00f3 los 90 minutos<\/strong>, pero poco pudo hacer para evitar la ca\u00edda de su equipo. Jug\u00f3 de extremo derecho y en la segunda mitad se desempe\u00f1\u00f3 por el lado izquierdo.<\/p>\n<p>Algunos chispazos individuales de Lozano que no se concretaron. Adem\u00e1s de ser el due\u00f1o de la pelota detenida con los Granjeros.<\/p>\n<p>As\u00ed el PSV se qued\u00f3 <strong>sin competencias europeas<\/strong> para la temporada 2017-2018.<\/p>\n<blockquote class=\"twitter-tweet\" data-lang=\"es\">\n<p dir=\"ltr\" lang=\"nl\">EINDSTAND <a href=\"https:\/\/twitter.com\/hashtag\/OSIPSV?src=hash\">#OSIPSV<\/a> 1-0 (2-0)<\/p>\n<p>1-0 Bockaj (25)<\/p>\n<p>PSV is uitgeschakeld in Europa. <a href=\"https:\/\/t.co\/nrGxnbNXk0\">pic.twitter.com\/nrGxnbNXk0<\/a><\/p>\n<p>\u2014 PSV (@PSV) <a href=\"https:\/\/twitter.com\/PSV\/status\/893209607799177217\">3 de agosto de 2017<\/a><\/p><\/blockquote>\n<p><script async src=\"\/\/platform.twitter.com\/widgets.js\" charset=\"utf-8\"><\/script><\/p>\n<p style=\"text-align: center;\"><span style=\"color: #333399;\"><a style=\"color: #333399;\" href=\"https:\/\/www.futboltotal.com.mx\/2017\/08\/ritual-llenar-de-pumas-el-azteca-alcoba\/\" target=\"_blank\" rel=\"noopener noreferrer\">VER M\u00c1S: Alcoba quiere que Pumas llene el Estadio Azteca<\/a><\/span><\/p>\n","protected":false},"excerpt":{"rendered":"<p>El mexicano jug\u00f3 los 90 minutos en la derrota de su equipo<\/p>\n","protected":false},"author":20,"featured_media":491968,"comment_status":"closed","ping_status":"closed","sticky":false,"template":"","format":"standard","meta":[],"categories":[5,3857,3839],"tags":[6944,516,9518,2044],"_links":{"self":[{"href":"http:\/\/desarrollo.grupomedios.com\/futbol\/wp-json\/wp\/v2\/posts\/491964"}],"collection":[{"href":"http:\/\/desarrollo.grupomedios.com\/futbol\/wp-json\/wp\/v2\/posts"}],"about":[{"href":"http:\/\/desarrollo.grupomedios.com\/futbol\/wp-json\/wp\/v2\/types\/post"}],"author":[{"embeddable":true,"href":"http:\/\/desarrollo.grupomedios.com\/futbol\/wp-json\/wp\/v2\/users\/20"}],"replies":[{"embeddable":true,"href":"http:\/\/desarrollo.grupomedios.com\/futbol\/wp-json\/wp\/v2\/comments?post=491964"}],"version-history":[{"count":3,"href":"http:\/\/desarrollo.grupomedios.com\/futbol\/wp-json\/wp\/v2\/posts\/491964\/revisions"}],"predecessor-version":[{"id":491971,"href":"http:\/\/desarrollo.grupomedios.com\/futbol\/wp-json\/wp\/v2\/posts\/491964\/revisions\/491971"}],"wp:featuredmedia":[{"embeddable":true,"href":"http:\/\/desarrollo.grupomedios.com\/futbol\/wp-json\/wp\/v2\/media\/491968"}],"wp:attachment":[{"href":"http:\/\/desarrollo.grupomedios.com\/futbol\/wp-json\/wp\/v2\/media?parent=491964"}],"wp:term":[{"taxonomy":"category","embeddable":true,"href":"http:\/\/desarrollo.grupomedios.com\/futbol\/wp-json\/wp\/v2\/categories?post=491964"},{"taxonomy":"post_tag","embeddable":true,"href":"http:\/\/desarrollo.grupomedios.com\/futbol\/wp-json\/wp\/v2\/tags?post=491964"}],"curies":[{"name":"wp","href":"https:\/\/api.w.org\/{rel}","templated":true}]}}