{"id":491999,"date":"2017-08-03T17:00:20","date_gmt":"2017-08-03T22:00:20","guid":{"rendered":"https:\/\/www.futboltotal.com.mx\/?p=491999"},"modified":"2017-08-03T17:00:20","modified_gmt":"2017-08-03T22:00:20","slug":"real-madrid-cepilla-a-futbolista-mexicano-psv-le-abriria-las-puertas","status":"publish","type":"post","link":"http:\/\/desarrollo.grupomedios.com\/futbol\/destacado-home\/real-madrid-cepilla-a-futbolista-mexicano-psv-le-abriria-las-puertas\/2017\/08","title":{"rendered":"Real Madrid cepilla a futbolista mexicano, PSV le abrir\u00eda las puertas"},"content":{"rendered":"<p><a href=\"https:\/\/www.futboltotal.com.mx\/2017\/08\/cronica-resultado-mls-all-stars-3-5-real-madrid-all-stars-game\/\" target=\"_blank\" rel=\"noopener noreferrer\"><span style=\"color: #333399;\"><strong>Real Madrid<\/strong><\/span><\/a> se deshizo del \u00faltimo jugador mexicano que militaba en las fuerzas inferiores del club, se trata de <span style=\"color: #333399;\"><a style=\"color: #333399;\" href=\"https:\/\/www.futboltotal.com.mx\/2016\/09\/paolo-medina-inhabilitado-del-real-madrid\/\" target=\"_blank\" rel=\"noopener noreferrer\"><strong>Paolo Medina<\/strong><\/a><\/span>, quien ten\u00eda grandes posibilidades de sobresalir y debutar con los blancos, gracias a sus grandes cualidades.<\/p>\n<p>El nacido en <strong>Veracruz<\/strong>, se uni\u00f3 a la f\u00e1brica <em>Merengue<\/em> a la edad de 7 a\u00f1os, desde entonces comenz\u00f3 a labrar su futuro al grado de conseguir un puesto titular, hasta convertirse en capit\u00e1n en los \u00faltimos a\u00f1os.<\/p>\n<p style=\"text-align: center;\"><a href=\"https:\/\/www.futboltotal.com.mx\/2017\/08\/los-memes-del-fichaje-neymar-psg\/\" target=\"_blank\" rel=\"noopener noreferrer\"><span style=\"color: #333399;\">VER M\u00c1S:\u00a0Los memes del fichaje de Neymar con el PSG<\/span><\/a><\/p>\n<p>Sin embargo, tras una serie de lesiones y altibajos de juego, la casa blanca decidi\u00f3 no renovar su contrato, por lo que qued\u00f3 desligado del club de forma definitiva, as\u00ed lo revel\u00f3 ESPN, situaci\u00f3n que trunc\u00f3 su sue\u00f1o de convertirse en el primer mexicano en debutar en el <strong>Real Madrid.<\/strong><\/p>\n<p>Pero no todas son malas noticias para el jugador mexicano, ya que de acuerdo con el medio antes citado el <a href=\"https:\/\/www.futboltotal.com.mx\/2017\/08\/osijek-1-0-psv-europa-league\/\" target=\"_blank\" rel=\"noopener noreferrer\"><span style=\"color: #333399;\"><strong>PSV<\/strong><\/span><\/a> estar\u00eda dispuesto a abrirle las puertas para seguir trabajando al jugador y desarrollar su talento.<\/p>\n<p style=\"text-align: center;\"><a href=\"https:\/\/www.futboltotal.com.mx\/2017\/08\/osorio-tendria-duda-del-nivel-jonathan-dos-santos-la-copa-del-mundo\/\" target=\"_blank\" rel=\"noopener noreferrer\"><span style=\"color: #333399;\">VER M\u00c1S:\u00a0Osorio tendr\u00eda duda del nivel de Jona Dos Santos para el Mundial<\/span><\/a><\/p>\n","protected":false},"excerpt":{"rendered":"<p>Real Madrid le corta las a las a Paolo Medina<\/p>\n","protected":false},"author":20,"featured_media":428513,"comment_status":"closed","ping_status":"closed","sticky":false,"template":"","format":"standard","meta":[],"categories":[5,3839,6718],"tags":[7419,2044,5988],"_links":{"self":[{"href":"http:\/\/desarrollo.grupomedios.com\/futbol\/wp-json\/wp\/v2\/posts\/491999"}],"collection":[{"href":"http:\/\/desarrollo.grupomedios.com\/futbol\/wp-json\/wp\/v2\/posts"}],"about":[{"href":"http:\/\/desarrollo.grupomedios.com\/futbol\/wp-json\/wp\/v2\/types\/post"}],"author":[{"embeddable":true,"href":"http:\/\/desarrollo.grupomedios.com\/futbol\/wp-json\/wp\/v2\/users\/20"}],"replies":[{"embeddable":true,"href":"http:\/\/desarrollo.grupomedios.com\/futbol\/wp-json\/wp\/v2\/comments?post=491999"}],"version-history":[{"count":1,"href":"http:\/\/desarrollo.grupomedios.com\/futbol\/wp-json\/wp\/v2\/posts\/491999\/revisions"}],"predecessor-version":[{"id":492004,"href":"http:\/\/desarrollo.grupomedios.com\/futbol\/wp-json\/wp\/v2\/posts\/491999\/revisions\/492004"}],"wp:featuredmedia":[{"embeddable":true,"href":"http:\/\/desarrollo.grupomedios.com\/futbol\/wp-json\/wp\/v2\/media\/428513"}],"wp:attachment":[{"href":"http:\/\/desarrollo.grupomedios.com\/futbol\/wp-json\/wp\/v2\/media?parent=491999"}],"wp:term":[{"taxonomy":"category","embeddable":true,"href":"http:\/\/desarrollo.grupomedios.com\/futbol\/wp-json\/wp\/v2\/categories?post=491999"},{"taxonomy":"post_tag","embeddable":true,"href":"http:\/\/desarrollo.grupomedios.com\/futbol\/wp-json\/wp\/v2\/tags?post=491999"}],"curies":[{"name":"wp","href":"https:\/\/api.w.org\/{rel}","templated":true}]}}