{"id":492005,"date":"2017-08-03T17:30:09","date_gmt":"2017-08-03T22:30:09","guid":{"rendered":"https:\/\/www.futboltotal.com.mx\/?p=492005"},"modified":"2017-08-03T17:30:09","modified_gmt":"2017-08-03T22:30:09","slug":"monaco-va-alexis-sanchez-en-busca-competirle-al-psg","status":"publish","type":"post","link":"http:\/\/desarrollo.grupomedios.com\/futbol\/futbol-internacional\/monaco-va-alexis-sanchez-en-busca-competirle-al-psg\/2017\/08","title":{"rendered":"M\u00f3naco va por Alexis S\u00e1nchez en busca de competirle al PSG"},"content":{"rendered":"<p>El cuadro campe\u00f3n de Francia est\u00e1 pujando por hacerse con el delantero chileno, <strong>Alexis S\u00e1nchez<\/strong>, en busca de competir con el fichaje que hizo el PSG con Neymar.<\/p>\n<p>De acuerdo con el <em>diario The Sun<\/em> de Inglaterra, <strong>M\u00f3naco<\/strong> estar\u00eda dispuesto a ofrecer <strong>45 millones de libras esterlinas<\/strong> por el delantero andino.<\/p>\n<p style=\"text-align: center;\"><span style=\"color: #333399;\"><a style=\"color: #333399;\" href=\"https:\/\/www.futboltotal.com.mx\/2017\/08\/los-memes-del-fichaje-neymar-psg\/\" target=\"_blank\" rel=\"noopener noreferrer\">VER M\u00c1S: Los memes del fichaje de Neymar con el PSG<\/a><\/span><\/p>\n<p>Los del Principado utilizar\u00eda como se\u00f1uelo al mediocampista <strong>Thomas Lemar<\/strong>, que es objeto de deseo de Arsene Wenger.<\/p>\n<p>El conjunto franc\u00e9s debe reponer las bajas de <strong>Bernardo Silva<\/strong> y \u00a0<strong>Benjamin Mendy<\/strong> que se fue al <strong>Manchester City<\/strong> y \u00a0<strong>Tiemoue Bakayoko<\/strong> al <strong>Chelsea<\/strong>.<\/p>\n<p>Por otro lado, tienen en mente la salida de <strong>Kylian Mbapp\u00e9<\/strong> al <strong>Real Madrid<\/strong>, por lo que est\u00e1n en busca de un refuerzo de peso. Adem\u00e1s. M\u00f3naco puede ofrecerle a S\u00e1nchez un jugoso sueldo libre de impuestos.<\/p>\n<p style=\"text-align: center;\"><span style=\"color: #333399;\"><a style=\"color: #333399;\" href=\"https:\/\/www.futboltotal.com.mx\/2017\/08\/real-madrid-cepilla-a-futbolista-mexicano-psv-le-abriria-las-puertas\/\" target=\"_blank\" rel=\"noopener noreferrer\">VER M\u00c1S: Real Madrid le da las gracias a jugador mexicano<\/a><\/span><\/p>\n","protected":false},"excerpt":{"rendered":"<p>Los franceses le ofrecer\u00edan un sueldo libre de impuestos al chileno<\/p>\n","protected":false},"author":20,"featured_media":488980,"comment_status":"closed","ping_status":"closed","sticky":false,"template":"","format":"standard","meta":[],"categories":[7740,3839],"tags":[6053,408,6093],"_links":{"self":[{"href":"http:\/\/desarrollo.grupomedios.com\/futbol\/wp-json\/wp\/v2\/posts\/492005"}],"collection":[{"href":"http:\/\/desarrollo.grupomedios.com\/futbol\/wp-json\/wp\/v2\/posts"}],"about":[{"href":"http:\/\/desarrollo.grupomedios.com\/futbol\/wp-json\/wp\/v2\/types\/post"}],"author":[{"embeddable":true,"href":"http:\/\/desarrollo.grupomedios.com\/futbol\/wp-json\/wp\/v2\/users\/20"}],"replies":[{"embeddable":true,"href":"http:\/\/desarrollo.grupomedios.com\/futbol\/wp-json\/wp\/v2\/comments?post=492005"}],"version-history":[{"count":1,"href":"http:\/\/desarrollo.grupomedios.com\/futbol\/wp-json\/wp\/v2\/posts\/492005\/revisions"}],"predecessor-version":[{"id":492007,"href":"http:\/\/desarrollo.grupomedios.com\/futbol\/wp-json\/wp\/v2\/posts\/492005\/revisions\/492007"}],"wp:featuredmedia":[{"embeddable":true,"href":"http:\/\/desarrollo.grupomedios.com\/futbol\/wp-json\/wp\/v2\/media\/488980"}],"wp:attachment":[{"href":"http:\/\/desarrollo.grupomedios.com\/futbol\/wp-json\/wp\/v2\/media?parent=492005"}],"wp:term":[{"taxonomy":"category","embeddable":true,"href":"http:\/\/desarrollo.grupomedios.com\/futbol\/wp-json\/wp\/v2\/categories?post=492005"},{"taxonomy":"post_tag","embeddable":true,"href":"http:\/\/desarrollo.grupomedios.com\/futbol\/wp-json\/wp\/v2\/tags?post=492005"}],"curies":[{"name":"wp","href":"https:\/\/api.w.org\/{rel}","templated":true}]}}