{"id":492027,"date":"2017-08-03T19:17:03","date_gmt":"2017-08-04T00:17:03","guid":{"rendered":"https:\/\/www.futboltotal.com.mx\/?p=492027"},"modified":"2017-08-03T19:17:03","modified_gmt":"2017-08-04T00:17:03","slug":"no-nos-interesa-ser-el-real-madrid-nahuel-guzman","status":"publish","type":"post","link":"http:\/\/desarrollo.grupomedios.com\/futbol\/futbol-mexicano\/no-nos-interesa-ser-el-real-madrid-nahuel-guzman\/2017\/08","title":{"rendered":"&#8220;No nos interesa ser el Real Madrid&#8221;: Nahuel Guzm\u00e1n"},"content":{"rendered":"<p>Luego de que el t\u00e9cnico de los <em>Gallos Blancos<\/em> del <strong><a href=\"https:\/\/www.futboltotal.com.mx\/2017\/07\/tito-villa-causara-baja-con-queretaro-por-lesion\/\" target=\"_blank\" rel=\"noopener noreferrer\"><span style=\"color: #333399;\">Quer\u00e9taro<\/span><\/a>, <a href=\"https:\/\/www.futboltotal.com.mx\/2017\/08\/jaime-lozano-asegura-que-tigres-es-el-real-madrid-de-mexico\/\" target=\"_blank\" rel=\"noopener noreferrer\"><span style=\"color: #333399;\">Jaime Lozano<\/span><\/a><\/strong>, declarara que <a href=\"https:\/\/www.futboltotal.com.mx\/2017\/08\/fans-tigres-quieren-erradicar-grito-ehh-puto\/\" target=\"_blank\" rel=\"noopener noreferrer\"><span style=\"color: #333399;\"><strong>Tigres<\/strong><\/span><\/a> es el &#8220;Real Madrid de M\u00e9xico&#8221;, el guardameta del conjunto felino, <a href=\"https:\/\/www.futboltotal.com.mx\/2017\/07\/nahuel-guzman-trolleo-a-sus-companeros-sus-propios-premios\/\" target=\"_blank\" rel=\"noopener noreferrer\"><span style=\"color: #333399;\"><strong>Nahuel Guzm\u00e1n<\/strong><\/span><\/a>, le agradeci\u00f3 al estratega por los elogios, pero asegur\u00f3 que no est\u00e1n interesados en convertirse o ser comparados con los <em>Merengues.<\/em><\/p>\n<p style=\"text-align: center;\"><a href=\"https:\/\/www.futboltotal.com.mx\/2017\/08\/adidas-innova-en-el-calzado-de-suarez-messi-y-su-estrellas\/\" target=\"_blank\" rel=\"noopener noreferrer\"><span style=\"color: #333399;\">VER M\u00c1S.\u00a0Adidas innova en el calzado de Su\u00e1rez y Messi y sus estrellas<\/span><\/a><\/p>\n<blockquote><p>\u201cNo quiero entrar en mucho detalle de las declaraciones porque le\u00ed solo un t\u00edtulo y es dif\u00edcil contextualizar, no s\u00e9 en qu\u00e9 marco hizo la declaraci\u00f3n. Personalmente puedo decir que no me interesa ser el Real Madrid, la verdad. En este momento personalmente deseo ser un tigre competitivo a nivel nacional, a nivel internacional y en cada Copa que se juegue\u201d.<\/p><\/blockquote>\n<p>El guardameta consider\u00f3 que pudo ser una estrategia del Jimmy para pasarle la presi\u00f3n del encuentro del fin de semana a ellos.<\/p>\n<p style=\"text-align: center;\"><a href=\"https:\/\/www.futboltotal.com.mx\/2017\/08\/corea-del-norte-lanza-juego-para-competirle-a-fifa-y-pes\/\" target=\"_blank\" rel=\"noopener noreferrer\"><span style=\"color: #333399;\">VER M\u00c1S:Corea del Norte lanza juego para competirle al FIFA y PES<\/span><\/a><\/p>\n<blockquote><p>\u201cDe alguna manera, se puede tomar como un piropo si se quiere, creo que es una manera de echarnos la presi\u00f3n a nosotros y darnos la responsabilidad de tener que salir a buscar un resultado, no solo el s\u00e1bado, sino partido a partido y eso nosotros lo tenemos claro por la jerarqu\u00eda que tiene este Tigres\u201d.<\/p><\/blockquote>\n","protected":false},"excerpt":{"rendered":"<p>Al &#8216;Pat\u00f3n&#8217; y a Tigres no les interesa que los comparen con el Madrid<\/p>\n","protected":false},"author":20,"featured_media":492028,"comment_status":"closed","ping_status":"closed","sticky":false,"template":"","format":"standard","meta":[],"categories":[2198,3845],"tags":[590,318,6129,5970,9610,5973],"_links":{"self":[{"href":"http:\/\/desarrollo.grupomedios.com\/futbol\/wp-json\/wp\/v2\/posts\/492027"}],"collection":[{"href":"http:\/\/desarrollo.grupomedios.com\/futbol\/wp-json\/wp\/v2\/posts"}],"about":[{"href":"http:\/\/desarrollo.grupomedios.com\/futbol\/wp-json\/wp\/v2\/types\/post"}],"author":[{"embeddable":true,"href":"http:\/\/desarrollo.grupomedios.com\/futbol\/wp-json\/wp\/v2\/users\/20"}],"replies":[{"embeddable":true,"href":"http:\/\/desarrollo.grupomedios.com\/futbol\/wp-json\/wp\/v2\/comments?post=492027"}],"version-history":[{"count":1,"href":"http:\/\/desarrollo.grupomedios.com\/futbol\/wp-json\/wp\/v2\/posts\/492027\/revisions"}],"predecessor-version":[{"id":492029,"href":"http:\/\/desarrollo.grupomedios.com\/futbol\/wp-json\/wp\/v2\/posts\/492027\/revisions\/492029"}],"wp:featuredmedia":[{"embeddable":true,"href":"http:\/\/desarrollo.grupomedios.com\/futbol\/wp-json\/wp\/v2\/media\/492028"}],"wp:attachment":[{"href":"http:\/\/desarrollo.grupomedios.com\/futbol\/wp-json\/wp\/v2\/media?parent=492027"}],"wp:term":[{"taxonomy":"category","embeddable":true,"href":"http:\/\/desarrollo.grupomedios.com\/futbol\/wp-json\/wp\/v2\/categories?post=492027"},{"taxonomy":"post_tag","embeddable":true,"href":"http:\/\/desarrollo.grupomedios.com\/futbol\/wp-json\/wp\/v2\/tags?post=492027"}],"curies":[{"name":"wp","href":"https:\/\/api.w.org\/{rel}","templated":true}]}}