{"id":492038,"date":"2017-08-03T20:15:13","date_gmt":"2017-08-04T01:15:13","guid":{"rendered":"https:\/\/www.futboltotal.com.mx\/?p=492038"},"modified":"2017-08-03T20:15:13","modified_gmt":"2017-08-04T01:15:13","slug":"pele-manda-emotivo-mensaje-a-neymar-tras-fichar-con-el-psg","status":"publish","type":"post","link":"http:\/\/desarrollo.grupomedios.com\/futbol\/futbol-internacional\/pele-manda-emotivo-mensaje-a-neymar-tras-fichar-con-el-psg\/2017\/08","title":{"rendered":"Pel\u00e9 manda emotivo mensaje a Neymar tras fichar con el PSG"},"content":{"rendered":"<p>Luego de que el <a href=\"https:\/\/www.futboltotal.com.mx\/2017\/08\/psg-hace-oficial-fichaje-de-neymar\/\" target=\"_blank\" rel=\"noopener noreferrer\"><span style=\"color: #333399;\"><strong>PSG<\/strong><\/span><\/a> confirmara el fichaje de <a href=\"https:\/\/www.futboltotal.com.mx\/2017\/08\/neymar-y-los-nuevos-10-del-futbol-elite-europeo\/\" target=\"_blank\" rel=\"noopener noreferrer\"><span style=\"color: #333399;\"><strong>Neymar<\/strong><\/span><\/a> a trav\u00e9s de sus redes sociales tras liquidar los 222 millones de euros por su cl\u00e1usula de rescisi\u00f3n, <span style=\"color: #333399;\"><strong>Pel\u00e9<\/strong><\/span> felicit\u00f3 a su compatriota por el hist\u00f3rico traspaso.<\/p>\n<p style=\"text-align: center;\"><a href=\"https:\/\/www.futboltotal.com.mx\/2017\/08\/higuera-aun-debe-dinero-a-jugadores-del-extinto-coras\/\" target=\"_blank\" rel=\"noopener noreferrer\"><span style=\"color: #333399;\">VER M\u00c1S:\u00a0Higuera a\u00fan debe dinero a jugadores del extinto Coras<\/span><\/a><\/p>\n<p>&nbsp;<\/p>\n<blockquote class=\"twitter-tweet\" data-lang=\"es\">\n<p dir=\"ltr\" lang=\"en\">Paris Saint-Germain is very happy to announce the arrival of Neymar Jr \u27a1 <a href=\"https:\/\/t.co\/lKFj4qPDYA\">https:\/\/t.co\/lKFj4qPDYA<\/a> <a href=\"https:\/\/twitter.com\/hashtag\/BemvindoNeymarJR?src=hash\">#BemvindoNeymarJR<\/a> &#x1f1e7;&#x1f1f7; <a href=\"https:\/\/t.co\/rSvlBiKX6D\">pic.twitter.com\/rSvlBiKX6D<\/a><\/p>\n<p>\u2014 PSG Officiel (@PSG_inside) <a href=\"https:\/\/twitter.com\/PSG_inside\/status\/893196411713589250\">3 de agosto de 2017<\/a><\/p><\/blockquote>\n<p><script async src=\"\/\/platform.twitter.com\/widgets.js\" charset=\"utf-8\"><\/script><\/p>\n<p>\u201cFelicitaciones, Neymar. Mucha suerte en tu nuevo reto. Par\u00eds es una ciudad hermosa y una de mis favoritas en todo el mundo\u201d, public\u00f3 el Rey en un mensaje que acompa\u00f1o con una imagen suya levantando el antiguo trofeo <strong>Jules Rimet<\/strong> frente a la <strong>Torre Eiffel.<\/strong><\/p>\n<p>&nbsp;<\/p>\n<blockquote class=\"twitter-tweet\" data-lang=\"es\">\n<p dir=\"ltr\" lang=\"en\">Congratulations <a href=\"https:\/\/twitter.com\/neymarjr\">@neymarjr<\/a>, good luck in your new challenge. Paris is a beautiful city, one of my favorite in the world! &#x1f1e7;&#x1f1f7;\u26bd\ufe0f&#x1f3c6; <a href=\"https:\/\/t.co\/wENWRcLB9X\">pic.twitter.com\/wENWRcLB9X<\/a><\/p>\n<p>\u2014 Pel\u00e9 (@Pele) <a href=\"https:\/\/twitter.com\/Pele\/status\/893216246132559873\">3 de agosto de 2017<\/a><\/p><\/blockquote>\n<p><script async src=\"\/\/platform.twitter.com\/widgets.js\" charset=\"utf-8\"><\/script><\/p>\n<p style=\"text-align: center;\"><a href=\"https:\/\/www.futboltotal.com.mx\/2017\/08\/no-nos-interesa-ser-el-real-madrid-nahuel-guzman\/\" target=\"_blank\" rel=\"noopener noreferrer\"><span style=\"color: #333399;\">VER M\u00c1S:\u00a0\u201cNo nos interesa ser el Real Madrid\u201d: Nahuel Guzm\u00e1n<\/span><\/a><\/p>\n<p><em>Ney<\/em> jugar\u00e1 con los parisinos por las pr\u00f3ximas cinco temporadas y compartir\u00e1 vestuario con sus compatriotas <strong><a href=\"https:\/\/www.futboltotal.com.mx\/2017\/07\/dani-alves-tras-fichar-psg-pide-perdon-molesto-guardiola\/\" target=\"_blank\" rel=\"noopener noreferrer\"><span style=\"color: #333399;\">Dani Alves<\/span><\/a>, <a href=\"https:\/\/www.futboltotal.com.mx\/2016\/12\/thiago-silva-renueva-con-el-psg-hasta-2020\/\" target=\"_blank\" rel=\"noopener noreferrer\"><span style=\"color: #333399;\">Thiago Silva<\/span><\/a> y <span style=\"color: #333399;\"><a style=\"color: #333399;\" href=\"https:\/\/www.futboltotal.com.mx\/2016\/07\/carol-cabrino-la-flamante-novia-marquinhos\/\" target=\"_blank\" rel=\"noopener noreferrer\">Marquinhos<\/a><\/span><\/strong>, quienes tambi\u00e9n son sus compa\u00f1eros en la <strong>Selecci\u00f3n de Brasil.<\/strong><\/p>\n","protected":false},"excerpt":{"rendered":"<p>Gran gesto del Rey Pel\u00e9 con su compatriota Neymar<\/p>\n","protected":false},"author":20,"featured_media":492042,"comment_status":"closed","ping_status":"closed","sticky":false,"template":"","format":"standard","meta":[],"categories":[5419,3839],"tags":[5983,321,6001,246,6010],"_links":{"self":[{"href":"http:\/\/desarrollo.grupomedios.com\/futbol\/wp-json\/wp\/v2\/posts\/492038"}],"collection":[{"href":"http:\/\/desarrollo.grupomedios.com\/futbol\/wp-json\/wp\/v2\/posts"}],"about":[{"href":"http:\/\/desarrollo.grupomedios.com\/futbol\/wp-json\/wp\/v2\/types\/post"}],"author":[{"embeddable":true,"href":"http:\/\/desarrollo.grupomedios.com\/futbol\/wp-json\/wp\/v2\/users\/20"}],"replies":[{"embeddable":true,"href":"http:\/\/desarrollo.grupomedios.com\/futbol\/wp-json\/wp\/v2\/comments?post=492038"}],"version-history":[{"count":1,"href":"http:\/\/desarrollo.grupomedios.com\/futbol\/wp-json\/wp\/v2\/posts\/492038\/revisions"}],"predecessor-version":[{"id":492043,"href":"http:\/\/desarrollo.grupomedios.com\/futbol\/wp-json\/wp\/v2\/posts\/492038\/revisions\/492043"}],"wp:featuredmedia":[{"embeddable":true,"href":"http:\/\/desarrollo.grupomedios.com\/futbol\/wp-json\/wp\/v2\/media\/492042"}],"wp:attachment":[{"href":"http:\/\/desarrollo.grupomedios.com\/futbol\/wp-json\/wp\/v2\/media?parent=492038"}],"wp:term":[{"taxonomy":"category","embeddable":true,"href":"http:\/\/desarrollo.grupomedios.com\/futbol\/wp-json\/wp\/v2\/categories?post=492038"},{"taxonomy":"post_tag","embeddable":true,"href":"http:\/\/desarrollo.grupomedios.com\/futbol\/wp-json\/wp\/v2\/tags?post=492038"}],"curies":[{"name":"wp","href":"https:\/\/api.w.org\/{rel}","templated":true}]}}