{"id":492055,"date":"2017-08-05T18:54:24","date_gmt":"2017-08-05T23:54:24","guid":{"rendered":"https:\/\/www.futboltotal.com.mx\/?p=492055"},"modified":"2017-08-05T21:04:40","modified_gmt":"2017-08-06T02:04:40","slug":"en-vivo-leon-vs-cruz-azul-apertura-2017","status":"publish","type":"post","link":"http:\/\/desarrollo.grupomedios.com\/futbol\/futbol-mexicano\/en-vivo-leon-vs-cruz-azul-apertura-2017\/2017\/08","title":{"rendered":"AS\u00cd SE VIVI\u00d3 | Le\u00f3n vs Cruz Azul, juego de alto voltaje"},"content":{"rendered":"<p>Los <em>Esmeraldas<\/em> de <strong>Le\u00f3n<\/strong> recibir\u00e1n la visita de la <em>M\u00e1quina Celeste<\/em> de <strong>Cruz Azul<\/strong> en el duelo de la Jornada 3 del Torneo Apertura 2017.<\/p>\n<iframe src=\"https:\/\/en-vivo.futboltotal.com.mx\/embed.php\/?id=184\" width=\"100%\" id=\"frame_minuto\"><\/iframe>\n<p>El Le\u00f3n ha tenido un inicio complicado de torneo con dos derrotas y seis goles en contra, que lo tiene como una de las peores defensivas.<\/p>\n<p>Cruz Azul vino a menos en su juego contra Chivas, despu\u00e9s de un comienzo prometedor en Tijuana, y Paco J\u00e9mez tendr\u00e1 la responsabilidad de llevar a buen puerto el destino de La M\u00e1quina.<\/p>\n<p style=\"text-align: center;\"><span style=\"color: #333399;\"><a style=\"color: #333399;\" href=\"https:\/\/www.futboltotal.com.mx\/2017\/08\/leon-ratifica-a-javier-torrente-al-menos-hasta-el-duelo-ante-cruz-azul\/\">VER M\u00c1S: <span class=\"item-title\">Le\u00f3n ratifica a Javier Torrente al menos hasta el duelo ante Cruz Azul<\/span><\/a><\/span><\/p>\n<p>Habr\u00e1 un ganador. En los \u00faltimos seis partidos, Le\u00f3n y Cruz Azul han dividido tres victorias por bando. Un duelo de alto calibre se espera en el Nou Camp.<\/p>\n","protected":false},"excerpt":{"rendered":"<p>La M\u00e1quina se mete al Nou Camp para enfrentar a &#8216;La Fiera&#8217;<\/p>\n","protected":false},"author":20,"featured_media":492353,"comment_status":"closed","ping_status":"closed","sticky":false,"template":"","format":"standard","meta":[],"categories":[2198,3845],"tags":[8357,5962,5965],"_links":{"self":[{"href":"http:\/\/desarrollo.grupomedios.com\/futbol\/wp-json\/wp\/v2\/posts\/492055"}],"collection":[{"href":"http:\/\/desarrollo.grupomedios.com\/futbol\/wp-json\/wp\/v2\/posts"}],"about":[{"href":"http:\/\/desarrollo.grupomedios.com\/futbol\/wp-json\/wp\/v2\/types\/post"}],"author":[{"embeddable":true,"href":"http:\/\/desarrollo.grupomedios.com\/futbol\/wp-json\/wp\/v2\/users\/20"}],"replies":[{"embeddable":true,"href":"http:\/\/desarrollo.grupomedios.com\/futbol\/wp-json\/wp\/v2\/comments?post=492055"}],"version-history":[{"count":3,"href":"http:\/\/desarrollo.grupomedios.com\/futbol\/wp-json\/wp\/v2\/posts\/492055\/revisions"}],"predecessor-version":[{"id":492332,"href":"http:\/\/desarrollo.grupomedios.com\/futbol\/wp-json\/wp\/v2\/posts\/492055\/revisions\/492332"}],"wp:featuredmedia":[{"embeddable":true,"href":"http:\/\/desarrollo.grupomedios.com\/futbol\/wp-json\/wp\/v2\/media\/492353"}],"wp:attachment":[{"href":"http:\/\/desarrollo.grupomedios.com\/futbol\/wp-json\/wp\/v2\/media?parent=492055"}],"wp:term":[{"taxonomy":"category","embeddable":true,"href":"http:\/\/desarrollo.grupomedios.com\/futbol\/wp-json\/wp\/v2\/categories?post=492055"},{"taxonomy":"post_tag","embeddable":true,"href":"http:\/\/desarrollo.grupomedios.com\/futbol\/wp-json\/wp\/v2\/tags?post=492055"}],"curies":[{"name":"wp","href":"https:\/\/api.w.org\/{rel}","templated":true}]}}