{"id":492083,"date":"2017-08-04T12:00:03","date_gmt":"2017-08-04T17:00:03","guid":{"rendered":"https:\/\/www.futboltotal.com.mx\/?p=492083"},"modified":"2017-08-04T12:22:04","modified_gmt":"2017-08-04T17:22:04","slug":"ninos-stranger-things-filtran-jersey-del-tri-mundial-2018","status":"publish","type":"post","link":"http:\/\/desarrollo.grupomedios.com\/futbol\/destacado-home\/ninos-stranger-things-filtran-jersey-del-tri-mundial-2018\/2017\/08","title":{"rendered":"Ni\u00f1os de Stranger Things filtran jersey del Tri para Mundial 2018"},"content":{"rendered":"<p>En d\u00edas pasados, los ni\u00f1os que estelarizan la famosa serie <strong>Stranger Things<\/strong>, \u00e9xito de Netflix, visitaron M\u00e9xico y las redes sociales se volcaron con im\u00e1genes de los populares actores, quienes recibieron un regalo muy especial: el jersey que usar\u00e1 la <strong>Selecci\u00f3n Mexicana<\/strong> durante el <strong>Mundial de Rusia 2018<\/strong>.<\/p>\n<p>Pese a que el <em><strong>Tri<\/strong><\/em> a\u00fan no logra amarrar su boleto a la m\u00e1xima justa futbol\u00edstica, la marca <strong>adidas<\/strong> parece ya tener lista la playera que usar\u00e1n los verdes en suelo ruso y por ello le entregaron la indumentaria a los chicos.<\/p>\n<p style=\"text-align: center;\"><a href=\"https:\/\/www.futboltotal.com.mx\/2017\/08\/cruz-azul-esta-fichar-nuevo-patrocinador-playera\/\" target=\"_blank\" rel=\"noopener noreferrer\"><span style=\"color: #333399;\">VER M\u00c1S: Cruz Azul est\u00e1 por &#8216;fichar&#8217; nuevo patrocinador para su playera<\/span><\/a><\/p>\n<p><a href=\"https:\/\/www.futboltotal.com.mx\/wp-content\/uploads\/2017\/08\/Jersey-Tri-Starger-Things2.jpg\"><img decoding=\"async\" loading=\"lazy\" class=\"aligncenter size-large wp-image-492086\" src=\"https:\/\/www.futboltotal.com.mx\/wp-content\/uploads\/2017\/08\/Jersey-Tri-Starger-Things2-1024x576.jpg\" alt=\"Ni\u00f1os de Stranger Things filtran jersey del Tri para Mundial 2018 0\" srcset=\"http:\/\/desarrollo.grupomedios.com\/futbol\/wp-content\/uploads\/2017\/08\/Jersey-Tri-Starger-Things2-1024x576.jpg 1024w, http:\/\/desarrollo.grupomedios.com\/futbol\/wp-content\/uploads\/2017\/08\/Jersey-Tri-Starger-Things2-300x169.jpg 300w, http:\/\/desarrollo.grupomedios.com\/futbol\/wp-content\/uploads\/2017\/08\/Jersey-Tri-Starger-Things2-768x432.jpg 768w, http:\/\/desarrollo.grupomedios.com\/futbol\/wp-content\/uploads\/2017\/08\/Jersey-Tri-Starger-Things2-317x178.jpg 317w, http:\/\/desarrollo.grupomedios.com\/futbol\/wp-content\/uploads\/2017\/08\/Jersey-Tri-Starger-Things2-535x301.jpg 535w, http:\/\/desarrollo.grupomedios.com\/futbol\/wp-content\/uploads\/2017\/08\/Jersey-Tri-Starger-Things2-374x210.jpg 374w, http:\/\/desarrollo.grupomedios.com\/futbol\/wp-content\/uploads\/2017\/08\/Jersey-Tri-Starger-Things2.jpg 1136w\" sizes=\"(max-width: 1024px) 100vw, 1024px\" \/><\/a><\/p>\n<p>Uno de estos ni\u00f1os,\u00a0<strong>Finn Wolfhard<\/strong>, comparti\u00f3 en redes im\u00e1genes del jersey, en el que se notan dos tipos de tonos de verde con un estilo distinto a lo visto en las pasadas versiones del Tri.<\/p>\n<p><a href=\"https:\/\/www.futboltotal.com.mx\/wp-content\/uploads\/2017\/08\/Jersey-Tri-Starger-Things.jpg\"><img decoding=\"async\" loading=\"lazy\" class=\"aligncenter size-large wp-image-492084\" src=\"https:\/\/www.futboltotal.com.mx\/wp-content\/uploads\/2017\/08\/Jersey-Tri-Starger-Things-1024x576.jpg\" alt=\"Ni\u00f1os de Stranger Things filtran jersey del Tri para Mundial 2018 1\" srcset=\"http:\/\/desarrollo.grupomedios.com\/futbol\/wp-content\/uploads\/2017\/08\/Jersey-Tri-Starger-Things-1024x576.jpg 1024w, http:\/\/desarrollo.grupomedios.com\/futbol\/wp-content\/uploads\/2017\/08\/Jersey-Tri-Starger-Things-300x169.jpg 300w, http:\/\/desarrollo.grupomedios.com\/futbol\/wp-content\/uploads\/2017\/08\/Jersey-Tri-Starger-Things-768x432.jpg 768w, http:\/\/desarrollo.grupomedios.com\/futbol\/wp-content\/uploads\/2017\/08\/Jersey-Tri-Starger-Things-317x178.jpg 317w, http:\/\/desarrollo.grupomedios.com\/futbol\/wp-content\/uploads\/2017\/08\/Jersey-Tri-Starger-Things-535x301.jpg 535w, http:\/\/desarrollo.grupomedios.com\/futbol\/wp-content\/uploads\/2017\/08\/Jersey-Tri-Starger-Things-374x210.jpg 374w, http:\/\/desarrollo.grupomedios.com\/futbol\/wp-content\/uploads\/2017\/08\/Jersey-Tri-Starger-Things.jpg 1136w\" sizes=\"(max-width: 1024px) 100vw, 1024px\" \/><\/a><\/p>\n<p>Incluso\u00a0<strong>Caleb McLaughlin<\/strong> y <strong>Gaten Matarazzo<\/strong> compartieron videos en redes sociales durante su visita a las pir\u00e1mides de Teotihuac\u00e1n mientras visten la playera. \u00bfAccidente de los actores o estrategia planeada por la marca deportiva? Eso no lo sabemos.<\/p>\n<blockquote class=\"instagram-media\" style=\"background: #FFF; border: 0; border-radius: 3px; box-shadow: 0 0 1px 0 rgba(0,0,0,0.5),0 1px 10px 0 rgba(0,0,0,0.15); margin: 1px; max-width: 658px; padding: 0; width: calc(100% - 2px);\" data-instgrm-captioned=\"\" data-instgrm-version=\"7\">\n<div style=\"padding: 8px;\">\n<div style=\"background: #F8F8F8; line-height: 0; margin-top: 40px; padding: 62.5% 0; text-align: center; width: 100%;\"><\/div>\n<p style=\"margin: 8px 0 0 0; padding: 0 4px;\"><a style=\"color: #000; font-family: Arial,sans-serif; font-size: 14px; font-style: normal; font-weight: normal; line-height: 17px; text-decoration: none; word-wrap: break-word;\" href=\"https:\/\/www.instagram.com\/p\/BXWQJoaAO-Y\/\" target=\"_blank\" rel=\"noopener noreferrer\">No days off!!! &#x1f602;&#x1f4a5;&#x1f4aa;&#x1f3ff;&#x1f4af;&#x1f4af; @finnwolfhardofficial @gatenm123 #StrangerThingsSQUAD #workingoutinMEXICO #BeYourBiggestFan<\/a><\/p>\n<p style=\"color: #c9c8cd; font-family: Arial,sans-serif; font-size: 14px; line-height: 17px; margin-bottom: 0; margin-top: 8px; overflow: hidden; padding: 8px 0 7px; text-align: center; text-overflow: ellipsis; white-space: nowrap;\">A post shared by Caleb McLaughlin (@therealcalebmclaughlin) on <time style=\"font-family: Arial,sans-serif; font-size: 14px; line-height: 17px;\" datetime=\"2017-08-03T22:02:44+00:00\">Aug 3, 2017 at 3:02pm PDT<\/time><\/p>\n<\/div>\n<\/blockquote>\n<p><script async defer src=\"\/\/platform.instagram.com\/en_US\/embeds.js\"><\/script><\/p>\n<p>&nbsp;<\/p>\n<blockquote class=\"instagram-media\" style=\"background: #FFF; border: 0; border-radius: 3px; box-shadow: 0 0 1px 0 rgba(0,0,0,0.5),0 1px 10px 0 rgba(0,0,0,0.15); margin: 1px; max-width: 658px; padding: 0; width: calc(100% - 2px);\" data-instgrm-captioned=\"\" data-instgrm-version=\"7\">\n<div style=\"padding: 8px;\">\n<div style=\"background: #F8F8F8; line-height: 0; margin-top: 40px; padding: 50.0% 0; text-align: center; width: 100%;\"><\/div>\n<p style=\"margin: 8px 0 0 0; padding: 0 4px;\"><a style=\"color: #000; font-family: Arial,sans-serif; font-size: 14px; font-style: normal; font-weight: normal; line-height: 17px; text-decoration: none; word-wrap: break-word;\" href=\"https:\/\/www.instagram.com\/p\/BXWN3CLFnsl\/\" target=\"_blank\" rel=\"noopener noreferrer\">I&#8217;m having such a good time in Mexico City at the Pyramid of the Sun. @finnwolfhardofficial @therealcalebmclaughlin<\/a><\/p>\n<p style=\"color: #c9c8cd; font-family: Arial,sans-serif; font-size: 14px; line-height: 17px; margin-bottom: 0; margin-top: 8px; overflow: hidden; padding: 8px 0 7px; text-align: center; text-overflow: ellipsis; white-space: nowrap;\">A post shared by Gaten Matarazzo (@gatenm123) on <time style=\"font-family: Arial,sans-serif; font-size: 14px; line-height: 17px;\" datetime=\"2017-08-03T21:42:43+00:00\">Aug 3, 2017 at 2:42pm PDT<\/time><\/p>\n<\/div>\n<\/blockquote>\n<p><script async defer src=\"\/\/platform.instagram.com\/en_US\/embeds.js\"><\/script><\/p>\n","protected":false},"excerpt":{"rendered":"<p>Los famosos actores recibieron como regalo la pr\u00f3xima playera del Tri para Rusia 2018.<\/p>\n","protected":false},"author":20,"featured_media":492085,"comment_status":"closed","ping_status":"closed","sticky":false,"template":"","format":"standard","meta":[],"categories":[5,2198,3847],"tags":[1624,5829,9621,409],"_links":{"self":[{"href":"http:\/\/desarrollo.grupomedios.com\/futbol\/wp-json\/wp\/v2\/posts\/492083"}],"collection":[{"href":"http:\/\/desarrollo.grupomedios.com\/futbol\/wp-json\/wp\/v2\/posts"}],"about":[{"href":"http:\/\/desarrollo.grupomedios.com\/futbol\/wp-json\/wp\/v2\/types\/post"}],"author":[{"embeddable":true,"href":"http:\/\/desarrollo.grupomedios.com\/futbol\/wp-json\/wp\/v2\/users\/20"}],"replies":[{"embeddable":true,"href":"http:\/\/desarrollo.grupomedios.com\/futbol\/wp-json\/wp\/v2\/comments?post=492083"}],"version-history":[{"count":1,"href":"http:\/\/desarrollo.grupomedios.com\/futbol\/wp-json\/wp\/v2\/posts\/492083\/revisions"}],"predecessor-version":[{"id":492087,"href":"http:\/\/desarrollo.grupomedios.com\/futbol\/wp-json\/wp\/v2\/posts\/492083\/revisions\/492087"}],"wp:featuredmedia":[{"embeddable":true,"href":"http:\/\/desarrollo.grupomedios.com\/futbol\/wp-json\/wp\/v2\/media\/492085"}],"wp:attachment":[{"href":"http:\/\/desarrollo.grupomedios.com\/futbol\/wp-json\/wp\/v2\/media?parent=492083"}],"wp:term":[{"taxonomy":"category","embeddable":true,"href":"http:\/\/desarrollo.grupomedios.com\/futbol\/wp-json\/wp\/v2\/categories?post=492083"},{"taxonomy":"post_tag","embeddable":true,"href":"http:\/\/desarrollo.grupomedios.com\/futbol\/wp-json\/wp\/v2\/tags?post=492083"}],"curies":[{"name":"wp","href":"https:\/\/api.w.org\/{rel}","templated":true}]}}