{"id":492099,"date":"2017-08-04T12:50:19","date_gmt":"2017-08-04T17:50:19","guid":{"rendered":"https:\/\/www.futboltotal.com.mx\/?p=492099"},"modified":"2017-08-04T13:18:29","modified_gmt":"2017-08-04T18:18:29","slug":"tres-futbolistas-mexicanos-viven-penurias-en-honduras","status":"publish","type":"post","link":"http:\/\/desarrollo.grupomedios.com\/futbol\/destacado-home\/tres-futbolistas-mexicanos-viven-penurias-en-honduras\/2017\/08","title":{"rendered":"Tres futbolistas mexicanos viven penurias en Honduras"},"content":{"rendered":"<p>Apenas en d\u00edas pasados se daba a conocer que <a href=\"https:\/\/www.futboltotal.com.mx\/2017\/07\/dos-pumas-llegan-al-futbol-honduras\/\" target=\"_blank\" rel=\"noopener noreferrer\"><span style=\"color: #333399;\">tres mexicanos llegaban al futbol de Honduras para sumarse al plantel del club Vida<\/span><\/a>. Ahora, lo que parec\u00eda una nueva oportunidad en su carrera se ha convertido en una dram\u00e1tica prueba de vida.<\/p>\n<p>Se trata de los hermanos <strong>Mauricio Garc\u00eda Escobar<\/strong> de 23 a\u00f1os de edad y<strong> Julio Garc\u00eda<\/strong> de 19 ambos, surgido de<strong> Pumas<\/strong>, adem\u00e1s del defensa <strong>Jos\u00e9 Rolando Hern\u00e1dez<\/strong> de 20 a\u00f1os, quienes llegaron a suelo hondure\u00f1o con la palabra de su representante, <strong>Gustavo Gonz\u00e1lez<\/strong>, que sus fichajes estaban pr\u00e1cticamente cerrados.<\/p>\n<p>Sin embargo, la realidad fue que tuvieron que hacer las correspondientes pruebas para quedarse en el equipo, mismas que no pasaron o no sirvieron de mucho debido a que el t\u00e9cnico <strong>H\u00e9ctor\u00a0Castell\u00f3n<\/strong> ya ten\u00eda cubiertas esas posiciones y los futbolistas est\u00e1n varados en Honduras.<\/p>\n<p style=\"text-align: center;\"><a href=\"https:\/\/www.futboltotal.com.mx\/2017\/08\/ninos-stranger-things-filtran-jersey-del-tri-mundial-2018\/\" target=\"_blank\" rel=\"noopener noreferrer\"><span style=\"color: #333399;\">VER M\u00c1S: Ni\u00f1os de Stranger Things filtran jersey del Tri para Mundial 2018<\/span><\/a><\/p>\n<p><a href=\"https:\/\/www.futboltotal.com.mx\/wp-content\/uploads\/2017\/08\/Mexicanos-varados-Honduras1.jpg\"><img decoding=\"async\" loading=\"lazy\" class=\"aligncenter size-large wp-image-492102\" src=\"https:\/\/www.futboltotal.com.mx\/wp-content\/uploads\/2017\/08\/Mexicanos-varados-Honduras1-1024x576.jpg\" alt=\"Tres futbolistas mexicanos viven penurias en Honduras 0\" srcset=\"http:\/\/desarrollo.grupomedios.com\/futbol\/wp-content\/uploads\/2017\/08\/Mexicanos-varados-Honduras1-1024x576.jpg 1024w, http:\/\/desarrollo.grupomedios.com\/futbol\/wp-content\/uploads\/2017\/08\/Mexicanos-varados-Honduras1-300x169.jpg 300w, http:\/\/desarrollo.grupomedios.com\/futbol\/wp-content\/uploads\/2017\/08\/Mexicanos-varados-Honduras1-768x432.jpg 768w, http:\/\/desarrollo.grupomedios.com\/futbol\/wp-content\/uploads\/2017\/08\/Mexicanos-varados-Honduras1-317x178.jpg 317w, http:\/\/desarrollo.grupomedios.com\/futbol\/wp-content\/uploads\/2017\/08\/Mexicanos-varados-Honduras1-535x301.jpg 535w, http:\/\/desarrollo.grupomedios.com\/futbol\/wp-content\/uploads\/2017\/08\/Mexicanos-varados-Honduras1-374x210.jpg 374w, http:\/\/desarrollo.grupomedios.com\/futbol\/wp-content\/uploads\/2017\/08\/Mexicanos-varados-Honduras1.jpg 1136w\" sizes=\"(max-width: 1024px) 100vw, 1024px\" \/><\/a><\/p>\n<p>&#8220;No hemos querido hablar con los medios sobre nuestra situaci\u00f3n porque se mal entendieron las cosas, ahorita estamos viendo la situaci\u00f3n, nuestro representante nos dijo que vini\u00e9ramos al Vida, pagamos la mayor\u00eda de los gastos porque \u00edbamos a ser evaluados y despu\u00e9s contratados&#8221;, declar\u00f3 <a href=\"https:\/\/www.futboltotal.com.mx\/2017\/08\/ninos-stranger-things-filtran-jersey-del-tri-mundial-2018\/\">Mauricio Garc\u00eda<\/a> en entrevista con el diario Diez.<\/p>\n<p>&#8220;Nadie nos ha tratado mal pero es una gran experiencia. Nos hemos quedado a la deriva mientras nos resuelven las cosas, el Vida nos est\u00e1 apoyando con el hospedaje pero lo dem\u00e1s corre por nosotros, todav\u00eda nos quedan algunos recursos para la comida&#8221;, a\u00f1adi\u00f3 el mexicano, quien junto a su hermano y a Hern\u00e1ndez antes de apostar por esta aventura hondure\u00f1a jugaban en el <a href=\"https:\/\/www.futboltotal.com.mx\/2017\/08\/ninos-stranger-things-filtran-jersey-del-tri-mundial-2018\/\">Sporting Canamy<\/a> de la Segunda Divisi\u00f3n en M\u00e9xico.<\/p>\n<p><a href=\"https:\/\/www.futboltotal.com.mx\/wp-content\/uploads\/2017\/08\/Club-Vida-Honduras.jpg\"><img decoding=\"async\" loading=\"lazy\" class=\"aligncenter size-large wp-image-492100\" src=\"https:\/\/www.futboltotal.com.mx\/wp-content\/uploads\/2017\/08\/Club-Vida-Honduras-1024x576.jpg\" alt=\"Tres futbolistas mexicanos viven penurias en Honduras 1\" srcset=\"http:\/\/desarrollo.grupomedios.com\/futbol\/wp-content\/uploads\/2017\/08\/Club-Vida-Honduras-1024x576.jpg 1024w, http:\/\/desarrollo.grupomedios.com\/futbol\/wp-content\/uploads\/2017\/08\/Club-Vida-Honduras-300x169.jpg 300w, http:\/\/desarrollo.grupomedios.com\/futbol\/wp-content\/uploads\/2017\/08\/Club-Vida-Honduras-768x432.jpg 768w, http:\/\/desarrollo.grupomedios.com\/futbol\/wp-content\/uploads\/2017\/08\/Club-Vida-Honduras-317x178.jpg 317w, http:\/\/desarrollo.grupomedios.com\/futbol\/wp-content\/uploads\/2017\/08\/Club-Vida-Honduras-535x301.jpg 535w, http:\/\/desarrollo.grupomedios.com\/futbol\/wp-content\/uploads\/2017\/08\/Club-Vida-Honduras-374x210.jpg 374w, http:\/\/desarrollo.grupomedios.com\/futbol\/wp-content\/uploads\/2017\/08\/Club-Vida-Honduras.jpg 1136w\" sizes=\"(max-width: 1024px) 100vw, 1024px\" \/><\/a><\/p>\n<p>Actualmente los tres futbolistas viven en la sede del club y ya se est\u00e1n quedando sin recursos econ\u00f3micos, pasando su tiempo viendo televisi\u00f3n o por las tardes presenciando los entrenamientos del primer equipo del Vida, a la espera de que su representante les defina si su futuro est\u00e1 o no en Honduras.<\/p>\n<p><a href=\"https:\/\/www.futboltotal.com.mx\/wp-content\/uploads\/2017\/08\/Mexicanos-Varados-Honduras3.jpg\"><img decoding=\"async\" loading=\"lazy\" class=\"aligncenter size-large wp-image-492103\" src=\"https:\/\/www.futboltotal.com.mx\/wp-content\/uploads\/2017\/08\/Mexicanos-Varados-Honduras3-1024x576.jpg\" alt=\"Tres futbolistas mexicanos viven penurias en Honduras 2\" srcset=\"http:\/\/desarrollo.grupomedios.com\/futbol\/wp-content\/uploads\/2017\/08\/Mexicanos-Varados-Honduras3-1024x576.jpg 1024w, http:\/\/desarrollo.grupomedios.com\/futbol\/wp-content\/uploads\/2017\/08\/Mexicanos-Varados-Honduras3-300x169.jpg 300w, http:\/\/desarrollo.grupomedios.com\/futbol\/wp-content\/uploads\/2017\/08\/Mexicanos-Varados-Honduras3-768x432.jpg 768w, http:\/\/desarrollo.grupomedios.com\/futbol\/wp-content\/uploads\/2017\/08\/Mexicanos-Varados-Honduras3-317x178.jpg 317w, http:\/\/desarrollo.grupomedios.com\/futbol\/wp-content\/uploads\/2017\/08\/Mexicanos-Varados-Honduras3-535x301.jpg 535w, http:\/\/desarrollo.grupomedios.com\/futbol\/wp-content\/uploads\/2017\/08\/Mexicanos-Varados-Honduras3-374x210.jpg 374w, http:\/\/desarrollo.grupomedios.com\/futbol\/wp-content\/uploads\/2017\/08\/Mexicanos-Varados-Honduras3.jpg 1136w\" sizes=\"(max-width: 1024px) 100vw, 1024px\" \/><\/a><\/p>\n<p>&#8220;Gracias a Dios nadie nos ha tratado mal, no sabemos si en otra ocasi\u00f3n volveremos a salir de M\u00e9xico, aunque siempre vamos a echarle ganas. Nuestro promotor nos dijo que vini\u00e9ramos a hacer una prueba porque hab\u00eda posibilidad de quedarnos, ahora nos tiene que definir la situaci\u00f3n para regresarnos o que nos busque otro equipo aqu\u00ed&#8221;, agreg\u00f3 Garc\u00eda.<\/p>\n","protected":false},"excerpt":{"rendered":"<p>Los futbolistas est\u00e1n varados en Honduras y qued\u00e1ndose sin dinero para sobrevivir.<\/p>\n","protected":false},"author":20,"featured_media":492101,"comment_status":"closed","ping_status":"closed","sticky":false,"template":"","format":"standard","meta":[],"categories":[5,3839,2198],"tags":[9624,800,9623,9622],"_links":{"self":[{"href":"http:\/\/desarrollo.grupomedios.com\/futbol\/wp-json\/wp\/v2\/posts\/492099"}],"collection":[{"href":"http:\/\/desarrollo.grupomedios.com\/futbol\/wp-json\/wp\/v2\/posts"}],"about":[{"href":"http:\/\/desarrollo.grupomedios.com\/futbol\/wp-json\/wp\/v2\/types\/post"}],"author":[{"embeddable":true,"href":"http:\/\/desarrollo.grupomedios.com\/futbol\/wp-json\/wp\/v2\/users\/20"}],"replies":[{"embeddable":true,"href":"http:\/\/desarrollo.grupomedios.com\/futbol\/wp-json\/wp\/v2\/comments?post=492099"}],"version-history":[{"count":1,"href":"http:\/\/desarrollo.grupomedios.com\/futbol\/wp-json\/wp\/v2\/posts\/492099\/revisions"}],"predecessor-version":[{"id":492109,"href":"http:\/\/desarrollo.grupomedios.com\/futbol\/wp-json\/wp\/v2\/posts\/492099\/revisions\/492109"}],"wp:featuredmedia":[{"embeddable":true,"href":"http:\/\/desarrollo.grupomedios.com\/futbol\/wp-json\/wp\/v2\/media\/492101"}],"wp:attachment":[{"href":"http:\/\/desarrollo.grupomedios.com\/futbol\/wp-json\/wp\/v2\/media?parent=492099"}],"wp:term":[{"taxonomy":"category","embeddable":true,"href":"http:\/\/desarrollo.grupomedios.com\/futbol\/wp-json\/wp\/v2\/categories?post=492099"},{"taxonomy":"post_tag","embeddable":true,"href":"http:\/\/desarrollo.grupomedios.com\/futbol\/wp-json\/wp\/v2\/tags?post=492099"}],"curies":[{"name":"wp","href":"https:\/\/api.w.org\/{rel}","templated":true}]}}