{"id":492124,"date":"2017-08-04T15:04:02","date_gmt":"2017-08-04T20:04:02","guid":{"rendered":"https:\/\/www.futboltotal.com.mx\/?p=492124"},"modified":"2017-08-04T15:04:02","modified_gmt":"2017-08-04T20:04:02","slug":"error-memo-ochoa-en-gol-del-genk","status":"publish","type":"post","link":"http:\/\/desarrollo.grupomedios.com\/futbol\/destacado-home\/error-memo-ochoa-en-gol-del-genk\/2017\/08","title":{"rendered":"\u00bfError de Memo Ochoa en el gol del Genk?"},"content":{"rendered":"<p>El <strong>Standard de Lieja<\/strong> comenz\u00f3 perdiendo en el encuentro, con un gol donde la defensa y <strong>Memo Ochoa<\/strong> no se vieron de la mejor manera.<\/p>\n<p>Sieve Schrijvers, delantero del Genk, dribl\u00f3 a un par de futbolistas y sac\u00f3 un disparo cercano al primer poste que cubr\u00eda el mexicano.<\/p>\n<p><iframe loading=\"lazy\" src=\"\/\/www.dailymotion.com\/embed\/video\/x5vwwd5\" frameborder=\"0\" allowfullscreen=\"allowfullscreen\"><\/iframe><br \/>\n<a href=\"http:\/\/www.dailymotion.com\/video\/x5vwwd5\" target=\"_blank\" rel=\"noopener noreferrer\">Siebe Schrijvers Goal HD &#8211; Standard Liege 0 &#8211; 1&#8230;<\/a> <i>por <a href=\"http:\/\/www.dailymotion.com\/sportsplay\" target=\"_blank\" rel=\"noopener noreferrer\">sportsplay<\/a><\/i><\/p>\n<p>En la acci\u00f3n del gol, queda la duda sobre si el arquero Guillermo Ochoa pudo hacer m\u00e1s en la anotaci\u00f3n del Genk&#8230; \u00bfT\u00fa qu\u00e9 opinas?<\/p>\n","protected":false},"excerpt":{"rendered":"<p>El arquero mexicano es titular con la escuadra del Standard de Lieja<\/p>\n","protected":false},"author":20,"featured_media":492145,"comment_status":"closed","ping_status":"closed","sticky":false,"template":"","format":"standard","meta":[],"categories":[5,3839,6718],"tags":[679,9552],"_links":{"self":[{"href":"http:\/\/desarrollo.grupomedios.com\/futbol\/wp-json\/wp\/v2\/posts\/492124"}],"collection":[{"href":"http:\/\/desarrollo.grupomedios.com\/futbol\/wp-json\/wp\/v2\/posts"}],"about":[{"href":"http:\/\/desarrollo.grupomedios.com\/futbol\/wp-json\/wp\/v2\/types\/post"}],"author":[{"embeddable":true,"href":"http:\/\/desarrollo.grupomedios.com\/futbol\/wp-json\/wp\/v2\/users\/20"}],"replies":[{"embeddable":true,"href":"http:\/\/desarrollo.grupomedios.com\/futbol\/wp-json\/wp\/v2\/comments?post=492124"}],"version-history":[{"count":1,"href":"http:\/\/desarrollo.grupomedios.com\/futbol\/wp-json\/wp\/v2\/posts\/492124\/revisions"}],"predecessor-version":[{"id":492146,"href":"http:\/\/desarrollo.grupomedios.com\/futbol\/wp-json\/wp\/v2\/posts\/492124\/revisions\/492146"}],"wp:featuredmedia":[{"embeddable":true,"href":"http:\/\/desarrollo.grupomedios.com\/futbol\/wp-json\/wp\/v2\/media\/492145"}],"wp:attachment":[{"href":"http:\/\/desarrollo.grupomedios.com\/futbol\/wp-json\/wp\/v2\/media?parent=492124"}],"wp:term":[{"taxonomy":"category","embeddable":true,"href":"http:\/\/desarrollo.grupomedios.com\/futbol\/wp-json\/wp\/v2\/categories?post=492124"},{"taxonomy":"post_tag","embeddable":true,"href":"http:\/\/desarrollo.grupomedios.com\/futbol\/wp-json\/wp\/v2\/tags?post=492124"}],"curies":[{"name":"wp","href":"https:\/\/api.w.org\/{rel}","templated":true}]}}