{"id":492136,"date":"2017-08-04T14:42:08","date_gmt":"2017-08-04T19:42:08","guid":{"rendered":"https:\/\/www.futboltotal.com.mx\/?p=492136"},"modified":"2017-08-04T14:42:08","modified_gmt":"2017-08-04T19:42:08","slug":"portero-de-lobos-buap-operado-con-exito","status":"publish","type":"post","link":"http:\/\/desarrollo.grupomedios.com\/futbol\/futbol-mexicano\/portero-de-lobos-buap-operado-con-exito\/2017\/08","title":{"rendered":"Portero de Lobos BUAP, operado con \u00e9xito"},"content":{"rendered":"<p>El arquero <strong>Lucero \u00c1lvarez<\/strong> fue operado exitosamente de la triple fractura que sufri\u00f3 cercana al ojo izquierdo, durante el juego de la Jornada 2 entre Gallos y <strong>Lobos BUAP<\/strong>.<\/p>\n<p>El m\u00e9dico que realiz\u00f3 la cirug\u00eda, Vicente Botello, inform\u00f3 que la operaci\u00f3n dur\u00f3 alrededor de tres horas.<\/p>\n<p style=\"text-align: center;\"><span style=\"color: #333399;\"><a style=\"color: #333399;\" href=\"https:\/\/www.futboltotal.com.mx\/2017\/08\/lobos-buap-jugara-la-jornada-3-sin-jorge-villalpando\/\">VER M\u00c1S:\u00a0Lobos BUAP jugar\u00e1 la Jornada 3 sin Jorge Villalpando<\/a><\/span><\/p>\n<p>&#8220;Si encontramos una fractura m\u00faltiple y un hueso qued\u00f3 muy cercano a 3 mm del globo ocular, pero afortunadamente no lleg\u00f3 a este y no hubo riesgo en la operaci\u00f3n&#8221;, afirm\u00f3 el galeno.<\/p>\n<p>Sobre la recuperaci\u00f3n del arquero, Botello detall\u00f3 que &#8220;reaccion\u00f3 muy bien a la operaci\u00f3n y esperamos que estar\u00e1 fuera de las canchas entre 10 y 12 semanas&#8221;.<\/p>\n<p style=\"text-align: center;\"><span style=\"color: #333399;\"><a style=\"color: #333399;\" href=\"https:\/\/www.futboltotal.com.mx\/2017\/08\/piojo-responde-a-alcoba-america-equipo-con-mayor-aficion\/\">VER M\u00c1S:\u00a0\u2018Piojo\u2019 responde a Alcoba y dice que \u201cAm\u00e9rica es el equipo con mayor afici\u00f3n\u201d<\/a><\/span><\/p>\n","protected":false},"excerpt":{"rendered":"<p>El arquero de los lic\u00e1ntropos estar\u00e1 fuera por tres meses de las canchas<\/p>\n","protected":false},"author":20,"featured_media":492137,"comment_status":"closed","ping_status":"closed","sticky":false,"template":"","format":"standard","meta":[],"categories":[2198,3845],"tags":[431,9551],"_links":{"self":[{"href":"http:\/\/desarrollo.grupomedios.com\/futbol\/wp-json\/wp\/v2\/posts\/492136"}],"collection":[{"href":"http:\/\/desarrollo.grupomedios.com\/futbol\/wp-json\/wp\/v2\/posts"}],"about":[{"href":"http:\/\/desarrollo.grupomedios.com\/futbol\/wp-json\/wp\/v2\/types\/post"}],"author":[{"embeddable":true,"href":"http:\/\/desarrollo.grupomedios.com\/futbol\/wp-json\/wp\/v2\/users\/20"}],"replies":[{"embeddable":true,"href":"http:\/\/desarrollo.grupomedios.com\/futbol\/wp-json\/wp\/v2\/comments?post=492136"}],"version-history":[{"count":1,"href":"http:\/\/desarrollo.grupomedios.com\/futbol\/wp-json\/wp\/v2\/posts\/492136\/revisions"}],"predecessor-version":[{"id":492138,"href":"http:\/\/desarrollo.grupomedios.com\/futbol\/wp-json\/wp\/v2\/posts\/492136\/revisions\/492138"}],"wp:featuredmedia":[{"embeddable":true,"href":"http:\/\/desarrollo.grupomedios.com\/futbol\/wp-json\/wp\/v2\/media\/492137"}],"wp:attachment":[{"href":"http:\/\/desarrollo.grupomedios.com\/futbol\/wp-json\/wp\/v2\/media?parent=492136"}],"wp:term":[{"taxonomy":"category","embeddable":true,"href":"http:\/\/desarrollo.grupomedios.com\/futbol\/wp-json\/wp\/v2\/categories?post=492136"},{"taxonomy":"post_tag","embeddable":true,"href":"http:\/\/desarrollo.grupomedios.com\/futbol\/wp-json\/wp\/v2\/tags?post=492136"}],"curies":[{"name":"wp","href":"https:\/\/api.w.org\/{rel}","templated":true}]}}