{"id":492141,"date":"2017-08-04T15:13:20","date_gmt":"2017-08-04T20:13:20","guid":{"rendered":"https:\/\/www.futboltotal.com.mx\/?p=492141"},"modified":"2017-08-04T15:13:20","modified_gmt":"2017-08-04T20:13:20","slug":"leon-ya-tendria-candidato-sustituir-a-javier-torrente","status":"publish","type":"post","link":"http:\/\/desarrollo.grupomedios.com\/futbol\/futbol-mexicano\/leon-ya-tendria-candidato-sustituir-a-javier-torrente\/2017\/08","title":{"rendered":"Le\u00f3n ya tendr\u00eda candidato para sustituir a Javier Torrente"},"content":{"rendered":"<p>A pesar de que a su llegada en el Apertura 2016 rescat\u00f3 al equipo y lo termin\u00f3 metiendo a la Liguilla, <strong>Javier Torrente<\/strong> tuvo un mal Clausura 2017 y al inicio de este torneo tiene al <strong>Le\u00f3n<\/strong> en el \u00faltimo lugar de la tabla general.<\/p>\n<p>Tras dos derrotas en el inicio del Apertura 2017, la directiva del conjunto Esmeralda ya tendr\u00eda a los candidatos para suplir al entrenador argentino ante una posible derrota.<\/p>\n<p style=\"text-align: center;\"><span style=\"color: #3366ff;\"><a style=\"color: #3366ff;\" href=\"https:\/\/www.futboltotal.com.mx\/2017\/08\/chicharito-sus-primeros-roces-companero\/\">VER M\u00c1S: Chicharito tuvo sus primeros \u2018roces\u2019 con un compa\u00f1ero<\/a><\/span><\/p>\n<p>Seg\u00fan informa el periodista <strong>David Medrano<\/strong> en su columna del <em>Diario R\u00e9cord<\/em>, los argentinos Ricardo Zielinski, Frank Dario Kudelka y Pablo Vitamina S\u00e1nchez son los nombres que suenan en<strong> Le\u00f3n<\/strong> como posibles candidatos para suceder a <strong>Torrente<\/strong> en el banquillo, en caso de que no se consigan los resultados.<\/p>\n<p>Zielinski ya fue candidato antes de que llegara <strong>Torrente<\/strong> y en la actualidad comanda a Tucum\u00e1n. Por su parte, Kudelka dirige a Talleres de C\u00f3rdoba, donde ha hecho un buen trabajo, mientras que S\u00e1nchez labora en el Everton de Chile que pertenece a Grupo Pachuca.<\/p>\n<p style=\"text-align: center;\"><span style=\"color: #3366ff;\"><a style=\"color: #3366ff;\" href=\"https:\/\/www.futboltotal.com.mx\/2017\/08\/otamendi-le-mento-la-madre-a-chicharito-terrible-falta\/\">VER M\u00c1S: Otamendi le ment\u00f3 la madre a Chicharito por terrible falta<\/a><\/span><\/p>\n","protected":false},"excerpt":{"rendered":"<p>El t\u00e9cnico argentino ya estar\u00eda condicionado.<\/p>\n","protected":false},"author":20,"featured_media":492147,"comment_status":"closed","ping_status":"closed","sticky":false,"template":"","format":"standard","meta":[],"categories":[2198,3845],"tags":[5965,64],"_links":{"self":[{"href":"http:\/\/desarrollo.grupomedios.com\/futbol\/wp-json\/wp\/v2\/posts\/492141"}],"collection":[{"href":"http:\/\/desarrollo.grupomedios.com\/futbol\/wp-json\/wp\/v2\/posts"}],"about":[{"href":"http:\/\/desarrollo.grupomedios.com\/futbol\/wp-json\/wp\/v2\/types\/post"}],"author":[{"embeddable":true,"href":"http:\/\/desarrollo.grupomedios.com\/futbol\/wp-json\/wp\/v2\/users\/20"}],"replies":[{"embeddable":true,"href":"http:\/\/desarrollo.grupomedios.com\/futbol\/wp-json\/wp\/v2\/comments?post=492141"}],"version-history":[{"count":1,"href":"http:\/\/desarrollo.grupomedios.com\/futbol\/wp-json\/wp\/v2\/posts\/492141\/revisions"}],"predecessor-version":[{"id":492149,"href":"http:\/\/desarrollo.grupomedios.com\/futbol\/wp-json\/wp\/v2\/posts\/492141\/revisions\/492149"}],"wp:featuredmedia":[{"embeddable":true,"href":"http:\/\/desarrollo.grupomedios.com\/futbol\/wp-json\/wp\/v2\/media\/492147"}],"wp:attachment":[{"href":"http:\/\/desarrollo.grupomedios.com\/futbol\/wp-json\/wp\/v2\/media?parent=492141"}],"wp:term":[{"taxonomy":"category","embeddable":true,"href":"http:\/\/desarrollo.grupomedios.com\/futbol\/wp-json\/wp\/v2\/categories?post=492141"},{"taxonomy":"post_tag","embeddable":true,"href":"http:\/\/desarrollo.grupomedios.com\/futbol\/wp-json\/wp\/v2\/tags?post=492141"}],"curies":[{"name":"wp","href":"https:\/\/api.w.org\/{rel}","templated":true}]}}