{"id":492142,"date":"2017-08-04T15:23:31","date_gmt":"2017-08-04T20:23:31","guid":{"rendered":"https:\/\/www.futboltotal.com.mx\/?p=492142"},"modified":"2017-08-04T15:23:31","modified_gmt":"2017-08-04T20:23:31","slug":"alexis-se-burla-companero-mal-ingles","status":"publish","type":"post","link":"http:\/\/desarrollo.grupomedios.com\/futbol\/futbol-internacional\/alexis-se-burla-companero-mal-ingles\/2017\/08","title":{"rendered":"Alexis  S\u00e1nchez se burla de compa\u00f1ero por su mal ingl\u00e9s"},"content":{"rendered":"<p>El delantero Alexis S\u00e1nchez dio de qu\u00e9 hablar, despu\u00e9s de la burla en plena grabaci\u00f3n de un comercial que tuvo hacia su compa\u00f1ero de equipo en el Arsenal, el portero colombiano David Ospina.<\/p>\n<p>Alexis solt\u00f3 en carcajadas despu\u00e9s de que Ospina no pudiera pronunciar de forma correcta la palabra &#8216;share&#8217;, debido a sus problemas con la pronunciaci\u00f3n del idioma ingl\u00e9s.<\/p>\n<p>Esta situaci\u00f3n se dio durante la grabaci\u00f3n de un comercial para el canal de televisi\u00f3n del equipo Arsenal.<\/p>\n<p><strong>\u00a1NO TE PIERDAS EL VIDEO!<\/strong><\/p>\n<blockquote class=\"twitter-video\" data-lang=\"es\">\n<p dir=\"ltr\" lang=\"es\"><a href=\"https:\/\/twitter.com\/hashtag\/ExVerdolagasXElMundo?src=hash\">#ExVerdolagasXElMundo<\/a> <a href=\"https:\/\/twitter.com\/Alexis_Sanchez\">@Alexis_Sanchez<\/a> se burla de la pronunciaci\u00f3n (Share it) de <a href=\"https:\/\/twitter.com\/D_Ospina1\">@D_Ospina1<\/a> [V\u00eda: <a href=\"https:\/\/twitter.com\/_AndyHa\">@_AndyHa<\/a>] <a href=\"https:\/\/t.co\/GfgsgumInU\">pic.twitter.com\/GfgsgumInU<\/a><\/p>\n<p>\u2014 RadarVerdolaga (@VerdolagaRadar) <a href=\"https:\/\/twitter.com\/VerdolagaRadar\/status\/893148108061904896\">3 de agosto de 2017<\/a><\/p><\/blockquote>\n<p><script async src=\"\/\/platform.twitter.com\/widgets.js\" charset=\"utf-8\"><\/script><\/p>\n","protected":false},"excerpt":{"rendered":"<p>El delantero Alexis S\u00e1nchez y el arquero David Ospina grababan un comercial sobre el Arsenal<\/p>\n","protected":false},"author":20,"featured_media":492151,"comment_status":"closed","ping_status":"closed","sticky":false,"template":"","format":"standard","meta":[],"categories":[3839,3846],"tags":[6053,6044,9479],"_links":{"self":[{"href":"http:\/\/desarrollo.grupomedios.com\/futbol\/wp-json\/wp\/v2\/posts\/492142"}],"collection":[{"href":"http:\/\/desarrollo.grupomedios.com\/futbol\/wp-json\/wp\/v2\/posts"}],"about":[{"href":"http:\/\/desarrollo.grupomedios.com\/futbol\/wp-json\/wp\/v2\/types\/post"}],"author":[{"embeddable":true,"href":"http:\/\/desarrollo.grupomedios.com\/futbol\/wp-json\/wp\/v2\/users\/20"}],"replies":[{"embeddable":true,"href":"http:\/\/desarrollo.grupomedios.com\/futbol\/wp-json\/wp\/v2\/comments?post=492142"}],"version-history":[{"count":1,"href":"http:\/\/desarrollo.grupomedios.com\/futbol\/wp-json\/wp\/v2\/posts\/492142\/revisions"}],"predecessor-version":[{"id":492152,"href":"http:\/\/desarrollo.grupomedios.com\/futbol\/wp-json\/wp\/v2\/posts\/492142\/revisions\/492152"}],"wp:featuredmedia":[{"embeddable":true,"href":"http:\/\/desarrollo.grupomedios.com\/futbol\/wp-json\/wp\/v2\/media\/492151"}],"wp:attachment":[{"href":"http:\/\/desarrollo.grupomedios.com\/futbol\/wp-json\/wp\/v2\/media?parent=492142"}],"wp:term":[{"taxonomy":"category","embeddable":true,"href":"http:\/\/desarrollo.grupomedios.com\/futbol\/wp-json\/wp\/v2\/categories?post=492142"},{"taxonomy":"post_tag","embeddable":true,"href":"http:\/\/desarrollo.grupomedios.com\/futbol\/wp-json\/wp\/v2\/tags?post=492142"}],"curies":[{"name":"wp","href":"https:\/\/api.w.org\/{rel}","templated":true}]}}