{"id":492153,"date":"2017-08-04T16:21:32","date_gmt":"2017-08-04T21:21:32","guid":{"rendered":"https:\/\/www.futboltotal.com.mx\/?p=492153"},"modified":"2017-08-04T16:21:32","modified_gmt":"2017-08-04T21:21:32","slug":"memo-ochoa-gana-en-liga-cinco-meses-despues","status":"publish","type":"post","link":"http:\/\/desarrollo.grupomedios.com\/futbol\/futbol-internacional\/memo-ochoa-gana-en-liga-cinco-meses-despues\/2017\/08","title":{"rendered":"Memo Ochoa gana en Liga, cinco meses despu\u00e9s"},"content":{"rendered":"<p><strong>Guillermo Ochoa<\/strong> volvi\u00f3 a ganar en un torneo de liga cinco meses despu\u00e9s. El <strong>Standard de Lieja<\/strong> derrot\u00f3 2-1 al Genk en la fecha 2 de la liga de B\u00e9lgica.<\/p>\n<p>La escuadra del arquero mexicano se fue abajo con un gol al minuto 37 de Siebe Schrijvers, en el que el jugador del Genk esquiv\u00f3 a dos rivales y defini\u00f3 al primer poste de Ochoa, quien tuvo algo de complicidad en la anotaci\u00f3n.<\/p>\n<p style=\"text-align: center;\"><span style=\"color: #333399;\"><a style=\"color: #333399;\" href=\"https:\/\/www.futboltotal.com.mx\/2017\/08\/error-memo-ochoa-en-gol-del-genk\/\">VER M\u00c1S:\u00a0\u00bfError de Memo Ochoa en el gol del Genk?<\/a><\/span><\/p>\n<p>En la segunda mitad, el Standard de Lieja sali\u00f3 motivado y apenas pasaron tres minutos para que Edmilson le ganara en la carrera al portero visitante, y se anticipara con un cabezazo que mand\u00f3 el bal\u00f3n a la red y puso el 1-1 en el encuentro.<\/p>\n<p>Al minuto 63, M&#8217;Poku puso cifras definitivas con un disparo de derecha que sentenci\u00f3 el encuentro a favor del Standard y fue el 2-1 definitivo que le dio la victoria a la escuadra de Memo Ochoa.<\/p>\n<p style=\"text-align: center;\"><span style=\"color: #333399;\"><a style=\"color: #333399;\" href=\"https:\/\/www.futboltotal.com.mx\/2017\/08\/monaco-gana-mbappe-sale-lesionado\/\">VER M\u00c1S:\u00a0<span class=\"item-title\">M\u00f3naco gana, pero Mbapp\u00e9 sale lesionado<\/span><\/a><\/span><\/p>\n<p>Ochoa no ganaba con un equipo en liga, desde el 1 de marzo, cuando el Granada super\u00f3 2-1 al Alav\u00e9s.<\/p>\n","protected":false},"excerpt":{"rendered":"<p>El arquero mexicano fue titular en la victoria del Standard de Lieja 2-1 sobre el Genk<\/p>\n","protected":false},"author":20,"featured_media":492168,"comment_status":"closed","ping_status":"closed","sticky":false,"template":"","format":"standard","meta":[],"categories":[3839,6718],"tags":[8352,679,2252],"_links":{"self":[{"href":"http:\/\/desarrollo.grupomedios.com\/futbol\/wp-json\/wp\/v2\/posts\/492153"}],"collection":[{"href":"http:\/\/desarrollo.grupomedios.com\/futbol\/wp-json\/wp\/v2\/posts"}],"about":[{"href":"http:\/\/desarrollo.grupomedios.com\/futbol\/wp-json\/wp\/v2\/types\/post"}],"author":[{"embeddable":true,"href":"http:\/\/desarrollo.grupomedios.com\/futbol\/wp-json\/wp\/v2\/users\/20"}],"replies":[{"embeddable":true,"href":"http:\/\/desarrollo.grupomedios.com\/futbol\/wp-json\/wp\/v2\/comments?post=492153"}],"version-history":[{"count":1,"href":"http:\/\/desarrollo.grupomedios.com\/futbol\/wp-json\/wp\/v2\/posts\/492153\/revisions"}],"predecessor-version":[{"id":492169,"href":"http:\/\/desarrollo.grupomedios.com\/futbol\/wp-json\/wp\/v2\/posts\/492153\/revisions\/492169"}],"wp:featuredmedia":[{"embeddable":true,"href":"http:\/\/desarrollo.grupomedios.com\/futbol\/wp-json\/wp\/v2\/media\/492168"}],"wp:attachment":[{"href":"http:\/\/desarrollo.grupomedios.com\/futbol\/wp-json\/wp\/v2\/media?parent=492153"}],"wp:term":[{"taxonomy":"category","embeddable":true,"href":"http:\/\/desarrollo.grupomedios.com\/futbol\/wp-json\/wp\/v2\/categories?post=492153"},{"taxonomy":"post_tag","embeddable":true,"href":"http:\/\/desarrollo.grupomedios.com\/futbol\/wp-json\/wp\/v2\/tags?post=492153"}],"curies":[{"name":"wp","href":"https:\/\/api.w.org\/{rel}","templated":true}]}}