{"id":492154,"date":"2017-08-04T15:41:41","date_gmt":"2017-08-04T20:41:41","guid":{"rendered":"https:\/\/www.futboltotal.com.mx\/?p=492154"},"modified":"2017-08-04T15:41:41","modified_gmt":"2017-08-04T20:41:41","slug":"cruzazulear-una-palabra-molesta-a-jesus-corona","status":"publish","type":"post","link":"http:\/\/desarrollo.grupomedios.com\/futbol\/futbol-mexicano\/cruzazulear-una-palabra-molesta-a-jesus-corona\/2017\/08","title":{"rendered":"&#8220;Cruzazulear&#8221;, una palabra que molesta a Jes\u00fas Corona"},"content":{"rendered":"<p>El portero <strong>Jes\u00fas Corona<\/strong>\u00a0se\u00f1al\u00f3 que la palabra &#8220;cruzazulear&#8221; le molesta, pero entiende que son cosas que tiene que sobrellevar, despu\u00e9s de 20 a\u00f1os sin que <strong>Cruz Azul<\/strong> haya logrado un t\u00edtulo de liga.<\/p>\n<p>&#8220;Son cosas que uno entiende con el tiempo, me molesta, y estamos haciendo todo para que la gente evite mencionarla&#8221;, afirm\u00f3 Corona.<\/p>\n<p style=\"text-align: center;\"><span style=\"color: #333399;\"><a style=\"color: #333399;\" href=\"https:\/\/www.futboltotal.com.mx\/2017\/08\/leon-ya-tendria-candidato-sustituir-a-javier-torrente\/\">VER M\u00c1S:\u00a0Le\u00f3n ya tendr\u00eda candidato para sustituir a Javier Torrente<\/a><\/span><\/p>\n<p>El arquero de la M\u00e1quina dijo que Cruz Azul llega en mejor momento que Le\u00f3n, previo a su juego de este s\u00e1bado en la Jornada 3 del Apertura 2017.<\/p>\n<p>Corona afirm\u00f3 que &#8220;hemos hecho cosas interesantes, y nosotros no nos preocupamos por el mal momento que vive Le\u00f3n, sino por el buen momento en que se encuentra Cruz Azul&#8221;.<\/p>\n<p style=\"text-align: center;\"><span style=\"color: #333399;\"><a style=\"color: #333399;\" href=\"https:\/\/www.futboltotal.com.mx\/2017\/08\/cecilio-oribe-dudas-america-ante-pumas\/\">VER M\u00c1S:\u00a0Cecilio y Oribe, dudas de Am\u00e9rica ante Pumas<\/a><\/span><\/p>\n<p>Finalmente, Jes\u00fas Corona dese\u00f3 buena suerte a la escuadra femenil \u00a0y les pidi\u00f3 que no olviden su rivalidad cuando enfrenten este viernes en el estadio Azul a las \u00c1guilas del Am\u00e9rica.<\/p>\n<p>&nbsp;<\/p>\n<p>&nbsp;<\/p>\n","protected":false},"excerpt":{"rendered":"<p>El arquero de La M\u00e1quina destac\u00f3 el buen inicio del equipo en el Apertura<\/p>\n","protected":false},"author":20,"featured_media":492155,"comment_status":"closed","ping_status":"closed","sticky":false,"template":"","format":"standard","meta":[],"categories":[2198,3845],"tags":[5962,5443,5965],"_links":{"self":[{"href":"http:\/\/desarrollo.grupomedios.com\/futbol\/wp-json\/wp\/v2\/posts\/492154"}],"collection":[{"href":"http:\/\/desarrollo.grupomedios.com\/futbol\/wp-json\/wp\/v2\/posts"}],"about":[{"href":"http:\/\/desarrollo.grupomedios.com\/futbol\/wp-json\/wp\/v2\/types\/post"}],"author":[{"embeddable":true,"href":"http:\/\/desarrollo.grupomedios.com\/futbol\/wp-json\/wp\/v2\/users\/20"}],"replies":[{"embeddable":true,"href":"http:\/\/desarrollo.grupomedios.com\/futbol\/wp-json\/wp\/v2\/comments?post=492154"}],"version-history":[{"count":1,"href":"http:\/\/desarrollo.grupomedios.com\/futbol\/wp-json\/wp\/v2\/posts\/492154\/revisions"}],"predecessor-version":[{"id":492156,"href":"http:\/\/desarrollo.grupomedios.com\/futbol\/wp-json\/wp\/v2\/posts\/492154\/revisions\/492156"}],"wp:featuredmedia":[{"embeddable":true,"href":"http:\/\/desarrollo.grupomedios.com\/futbol\/wp-json\/wp\/v2\/media\/492155"}],"wp:attachment":[{"href":"http:\/\/desarrollo.grupomedios.com\/futbol\/wp-json\/wp\/v2\/media?parent=492154"}],"wp:term":[{"taxonomy":"category","embeddable":true,"href":"http:\/\/desarrollo.grupomedios.com\/futbol\/wp-json\/wp\/v2\/categories?post=492154"},{"taxonomy":"post_tag","embeddable":true,"href":"http:\/\/desarrollo.grupomedios.com\/futbol\/wp-json\/wp\/v2\/tags?post=492154"}],"curies":[{"name":"wp","href":"https:\/\/api.w.org\/{rel}","templated":true}]}}