{"id":492217,"date":"2017-08-04T20:46:01","date_gmt":"2017-08-05T01:46:01","guid":{"rendered":"https:\/\/www.futboltotal.com.mx\/?p=492217"},"modified":"2017-08-04T20:46:01","modified_gmt":"2017-08-05T01:46:01","slug":"pachuca-veta-a-dos-aficionados-vida","status":"publish","type":"post","link":"http:\/\/desarrollo.grupomedios.com\/futbol\/futbol-mexicano\/pachuca-veta-a-dos-aficionados-vida\/2017\/08","title":{"rendered":"Pachuca veta a dos aficionados de por vida"},"content":{"rendered":"<p>Los <em>Tuzos<\/em> dieron a conocer en su cuenta oficial de Twitter que ha vetado a dos aficionados despu\u00e9s de una agresi\u00f3n que se dio a un fotoperiodista durante el partido <strong>Pachuca-Am\u00e9rica<\/strong>.<\/p>\n<p>El <strong>Pachuca<\/strong> inform\u00f3 en un comunicado que han sido identificados dos de los agresores de la porra de los <em>Tuzos\u00a0<\/em>y por lo tanto no podr\u00e1n entrar al estadio Hidalgo.<\/p>\n<p>Los sancionados fueron Jasfeth L. y Salem M, dio a conocer la escuadra tuza en el mismo texto, donde se comprometi\u00f3 a poner mayor seguridad en los encuentros de futbol.<\/p>\n<p><a href=\"https:\/\/www.futboltotal.com.mx\/wp-content\/uploads\/2017\/08\/pachuca-comunicado.jpg\"><img decoding=\"async\" loading=\"lazy\" class=\"alignnone  wp-image-492218\" src=\"https:\/\/www.futboltotal.com.mx\/wp-content\/uploads\/2017\/08\/pachuca-comunicado-280x300.jpg\" alt=\"Pachuca veta a dos aficionados de por vida 0\" srcset=\"http:\/\/desarrollo.grupomedios.com\/futbol\/wp-content\/uploads\/2017\/08\/pachuca-comunicado-280x300.jpg 280w, http:\/\/desarrollo.grupomedios.com\/futbol\/wp-content\/uploads\/2017\/08\/pachuca-comunicado-768x822.jpg 768w, http:\/\/desarrollo.grupomedios.com\/futbol\/wp-content\/uploads\/2017\/08\/pachuca-comunicado-957x1024.jpg 957w, http:\/\/desarrollo.grupomedios.com\/futbol\/wp-content\/uploads\/2017\/08\/pachuca-comunicado.jpg 1121w\" sizes=\"(max-width: 342px) 100vw, 342px\" \/><\/a><\/p>\n<p>&nbsp;<\/p>\n<p>&nbsp;<\/p>\n","protected":false},"excerpt":{"rendered":"<p>Los Tuzos dieron a conocer la informaci\u00f3n en un comunicado<\/p>\n","protected":false},"author":20,"featured_media":492219,"comment_status":"closed","ping_status":"closed","sticky":false,"template":"","format":"standard","meta":[],"categories":[2198,3845],"tags":[2199,5968],"_links":{"self":[{"href":"http:\/\/desarrollo.grupomedios.com\/futbol\/wp-json\/wp\/v2\/posts\/492217"}],"collection":[{"href":"http:\/\/desarrollo.grupomedios.com\/futbol\/wp-json\/wp\/v2\/posts"}],"about":[{"href":"http:\/\/desarrollo.grupomedios.com\/futbol\/wp-json\/wp\/v2\/types\/post"}],"author":[{"embeddable":true,"href":"http:\/\/desarrollo.grupomedios.com\/futbol\/wp-json\/wp\/v2\/users\/20"}],"replies":[{"embeddable":true,"href":"http:\/\/desarrollo.grupomedios.com\/futbol\/wp-json\/wp\/v2\/comments?post=492217"}],"version-history":[{"count":1,"href":"http:\/\/desarrollo.grupomedios.com\/futbol\/wp-json\/wp\/v2\/posts\/492217\/revisions"}],"predecessor-version":[{"id":492220,"href":"http:\/\/desarrollo.grupomedios.com\/futbol\/wp-json\/wp\/v2\/posts\/492217\/revisions\/492220"}],"wp:featuredmedia":[{"embeddable":true,"href":"http:\/\/desarrollo.grupomedios.com\/futbol\/wp-json\/wp\/v2\/media\/492219"}],"wp:attachment":[{"href":"http:\/\/desarrollo.grupomedios.com\/futbol\/wp-json\/wp\/v2\/media?parent=492217"}],"wp:term":[{"taxonomy":"category","embeddable":true,"href":"http:\/\/desarrollo.grupomedios.com\/futbol\/wp-json\/wp\/v2\/categories?post=492217"},{"taxonomy":"post_tag","embeddable":true,"href":"http:\/\/desarrollo.grupomedios.com\/futbol\/wp-json\/wp\/v2\/tags?post=492217"}],"curies":[{"name":"wp","href":"https:\/\/api.w.org\/{rel}","templated":true}]}}