{"id":492255,"date":"2017-08-05T11:11:45","date_gmt":"2017-08-05T16:11:45","guid":{"rendered":"https:\/\/www.futboltotal.com.mx\/?p=492255"},"modified":"2017-08-05T12:04:09","modified_gmt":"2017-08-05T17:04:09","slug":"betis-guardado-goleado-eintracht-frankfurt-sin-fabian-salcedo","status":"publish","type":"post","link":"http:\/\/desarrollo.grupomedios.com\/futbol\/uncategorized\/betis-guardado-goleado-eintracht-frankfurt-sin-fabian-salcedo\/2017\/08","title":{"rendered":"Betis de Guardado es goleado por Eintracht Frankfurt sin Fabi\u00e1n y Salcedo"},"content":{"rendered":"<p>El <strong>Real Betis<\/strong> de <strong>Andr\u00e9s Guardado<\/strong> cay\u00f3 por goleada ante el\u00a0<strong>Eintracht Frankfurt<\/strong> en partido amistoso.<\/p>\n<p>Los goles de <strong>Chandler, Wolf y Barkok<\/strong> dieron forma a la goleada de las \u00c1guilas alemanas.<\/p>\n<p style=\"text-align: center;\"><span style=\"color: #333399;\"><a style=\"color: #333399;\" href=\"https:\/\/www.futboltotal.com.mx\/2017\/08\/gignac-creara-centro-deportivo-en-mexico\/\" target=\"_blank\" rel=\"noopener noreferrer\">VER M\u00c1S: Gignac abrir\u00e1 centro deportivo en Nuevo Le\u00f3n<\/a><\/span><\/p>\n<p>El<strong> &#8216;Principito&#8217;<\/strong> jug\u00f3 todo el encuentro con el Betis y port\u00f3 el <strong>dorsal &#8217;10&#8217;<\/strong> que ser\u00eda el que utilizar\u00e1 en la temporada.<\/p>\n<p><a href=\"https:\/\/www.futboltotal.com.mx\/wp-content\/uploads\/2017\/08\/guardado-betis-10.jpg\"><img decoding=\"async\" loading=\"lazy\" class=\"alignnone size-full wp-image-492256\" src=\"https:\/\/www.futboltotal.com.mx\/wp-content\/uploads\/2017\/08\/guardado-betis-10.jpg\" alt=\"Betis de Guardado es goleado por Eintracht Frankfurt sin Fabi\u00e1n y Salcedo 0\" srcset=\"http:\/\/desarrollo.grupomedios.com\/futbol\/wp-content\/uploads\/2017\/08\/guardado-betis-10.jpg 1200w, http:\/\/desarrollo.grupomedios.com\/futbol\/wp-content\/uploads\/2017\/08\/guardado-betis-10-300x233.jpg 300w, http:\/\/desarrollo.grupomedios.com\/futbol\/wp-content\/uploads\/2017\/08\/guardado-betis-10-768x596.jpg 768w, http:\/\/desarrollo.grupomedios.com\/futbol\/wp-content\/uploads\/2017\/08\/guardado-betis-10-1024x795.jpg 1024w\" sizes=\"(max-width: 1200px) 100vw, 1200px\" \/><\/a><\/p>\n<p>Por su parte, <strong>Marco Fabi\u00e1n y Carlos Salcedo<\/strong> vieron el encuentro desde la tribuna.<\/p>\n<blockquote class=\"twitter-tweet\" data-lang=\"es\">\n<p dir=\"ltr\" lang=\"es\">&#x1f1f2;&#x1f1fd; <a href=\"https:\/\/twitter.com\/MarcoFabian_10\">@MarcoFabian_10<\/a> y <a href=\"https:\/\/twitter.com\/Csalcedojr\">@Csalcedojr<\/a> &#x1f1f2;&#x1f1fd;<\/p>\n<p>Est\u00e1n atentos al partido y apoyando a <a href=\"https:\/\/twitter.com\/hashtag\/Eintracht?src=hash\">#Eintracht<\/a>. \u00a1Pronto los veremos en acci\u00f3n! &#x1f44a; <a href=\"https:\/\/twitter.com\/hashtag\/SGERealBetis?src=hash\">#SGERealBetis<\/a> <a href=\"https:\/\/t.co\/ChSNiMUq3N\">pic.twitter.com\/ChSNiMUq3N<\/a><\/p>\n<p>\u2014 eintracht_esp (@eintracht_esp) <a href=\"https:\/\/twitter.com\/eintracht_esp\/status\/893843741286563841\">5 de agosto de 2017<\/a><\/p><\/blockquote>\n<p><script async src=\"\/\/platform.twitter.com\/widgets.js\" charset=\"utf-8\"><\/script><\/p>\n<p style=\"text-align: center;\"><span style=\"color: #333399;\"><a style=\"color: #333399;\" href=\"https:\/\/www.futboltotal.com.mx\/2017\/08\/juventus-quiere-a-andre-gomes-en-negociacion-dybala\/\" target=\"_blank\" rel=\"noopener noreferrer\">VER M\u00c1S: Juventus quiere a este jugador del Barcelona por Dybala<\/a><\/span><\/p>\n","protected":false},"excerpt":{"rendered":"<p>Los tres mexicanos no pudieron verse dentro de la cancha<\/p>\n","protected":false},"author":20,"featured_media":492257,"comment_status":"closed","ping_status":"closed","sticky":false,"template":"","format":"standard","meta":[],"categories":[5,1],"tags":[6046,5531,3588,131],"_links":{"self":[{"href":"http:\/\/desarrollo.grupomedios.com\/futbol\/wp-json\/wp\/v2\/posts\/492255"}],"collection":[{"href":"http:\/\/desarrollo.grupomedios.com\/futbol\/wp-json\/wp\/v2\/posts"}],"about":[{"href":"http:\/\/desarrollo.grupomedios.com\/futbol\/wp-json\/wp\/v2\/types\/post"}],"author":[{"embeddable":true,"href":"http:\/\/desarrollo.grupomedios.com\/futbol\/wp-json\/wp\/v2\/users\/20"}],"replies":[{"embeddable":true,"href":"http:\/\/desarrollo.grupomedios.com\/futbol\/wp-json\/wp\/v2\/comments?post=492255"}],"version-history":[{"count":2,"href":"http:\/\/desarrollo.grupomedios.com\/futbol\/wp-json\/wp\/v2\/posts\/492255\/revisions"}],"predecessor-version":[{"id":492263,"href":"http:\/\/desarrollo.grupomedios.com\/futbol\/wp-json\/wp\/v2\/posts\/492255\/revisions\/492263"}],"wp:featuredmedia":[{"embeddable":true,"href":"http:\/\/desarrollo.grupomedios.com\/futbol\/wp-json\/wp\/v2\/media\/492257"}],"wp:attachment":[{"href":"http:\/\/desarrollo.grupomedios.com\/futbol\/wp-json\/wp\/v2\/media?parent=492255"}],"wp:term":[{"taxonomy":"category","embeddable":true,"href":"http:\/\/desarrollo.grupomedios.com\/futbol\/wp-json\/wp\/v2\/categories?post=492255"},{"taxonomy":"post_tag","embeddable":true,"href":"http:\/\/desarrollo.grupomedios.com\/futbol\/wp-json\/wp\/v2\/tags?post=492255"}],"curies":[{"name":"wp","href":"https:\/\/api.w.org\/{rel}","templated":true}]}}