{"id":492277,"date":"2017-08-05T14:16:10","date_gmt":"2017-08-05T19:16:10","guid":{"rendered":"https:\/\/www.futboltotal.com.mx\/?p=492277"},"modified":"2017-08-05T14:16:10","modified_gmt":"2017-08-05T19:16:10","slug":"cr7-regresa-a-entrenar-con-real-madrid-recibe-visita-florentino-perez","status":"publish","type":"post","link":"http:\/\/desarrollo.grupomedios.com\/futbol\/futbol-internacional\/cr7-regresa-a-entrenar-con-real-madrid-recibe-visita-florentino-perez\/2017\/08","title":{"rendered":"CR7 regresa a entrenar con Real Madrid y recibe visita de Florentino P\u00e9rez"},"content":{"rendered":"<p>El portugu\u00e9s <strong>Cristiano Ronaldo<\/strong> fue la gran novedad en el regreso al trabajo del <strong>Real Madrid<\/strong> en su ciudad deportiva de Valdebebas, tras cerrar su gira norteamericana, en el primer d\u00eda de trabajo con el grupo que cont\u00f3 con la visita a la final de la sesi\u00f3n del presidente Florentino P\u00e9rez.<\/p>\n<p>Era el primer d\u00eda tras la gira y la fecha marcada para el final de las vacaciones de Cristiano Ronaldo. Su temporada termin\u00f3 con la participaci\u00f3n, liderando a la selecci\u00f3n de Portugal, en la Copa Confederaciones, en la que cay\u00f3 en semifinales y recibi\u00f3 permiso para abandonar antes del final por su nueva paternidad.<\/p>\n<p style=\"text-align: center;\"><span style=\"color: #333399;\"><a style=\"color: #333399;\" href=\"https:\/\/www.futboltotal.com.mx\/2017\/08\/no-nos-interesa-ser-el-real-madrid-nahuel-guzman\/\">VER M\u00c1S:\u00a0\u201cNo nos interesa ser el Real Madrid\u201d: Nahuel Guzm\u00e1n<\/a><\/span><\/p>\n<p style=\"text-align: left;\">Tras disfrutar de unas vacaciones que silenciaron los rumores de una posible salida del Real Madrid y que tuvo que interrumpir para prestar declaraci\u00f3n en el en el Juzgado n\u00famero 1 de Pozuelo de Alarc\u00f3n, investigado por un supuesto fraude fiscal, Cristiano vuelve a centrarse en lo deportivo y hoy se reencontr\u00f3 con sus compa\u00f1eros.<\/p>\n<p>Su buen tono f\u00edsico gracias al plan de trabajo que ha seguido en vacaciones, permiti\u00f3 que incluso completase gran parte de la sesi\u00f3n con el grupo a las \u00f3rdenes de Zinedine Zidane y mostrase sus ganas de ya disputar la Supercopa de Europa que el Real Madrid se juega el martes, en Skopje, ante el Manchester United.<\/p>\n<p style=\"text-align: center;\"><span style=\"color: #333399;\"><a style=\"color: #333399;\" href=\"https:\/\/www.futboltotal.com.mx\/2017\/08\/real-madrid-cepilla-a-futbolista-mexicano-psv-le-abriria-las-puertas\/\">VER M\u00c1S:\u00a0Real Madrid cepilla a futbolista mexicano, PSV le abrir\u00eda las puertas<\/a><\/span><\/p>\n<p style=\"text-align: left;\">La parte final del entrenamiento cont\u00f3 con la presencia del presidente Florentino P\u00e9rez, que salud\u00f3 a pie de c\u00e9sped al cuerpo t\u00e9cnico y a todos los jugadores cuando terminaron su trabajo.<\/p>\n","protected":false},"excerpt":{"rendered":"<p>Cristiano Ronaldo estar\u00e1 presente en el duelo de la Supercopa Europea contra Manchester United<\/p>\n","protected":false},"author":144,"featured_media":492278,"comment_status":"closed","ping_status":"closed","sticky":false,"template":"","format":"standard","meta":[],"categories":[3839,3844],"tags":[4438,5988],"_links":{"self":[{"href":"http:\/\/desarrollo.grupomedios.com\/futbol\/wp-json\/wp\/v2\/posts\/492277"}],"collection":[{"href":"http:\/\/desarrollo.grupomedios.com\/futbol\/wp-json\/wp\/v2\/posts"}],"about":[{"href":"http:\/\/desarrollo.grupomedios.com\/futbol\/wp-json\/wp\/v2\/types\/post"}],"author":[{"embeddable":true,"href":"http:\/\/desarrollo.grupomedios.com\/futbol\/wp-json\/wp\/v2\/users\/144"}],"replies":[{"embeddable":true,"href":"http:\/\/desarrollo.grupomedios.com\/futbol\/wp-json\/wp\/v2\/comments?post=492277"}],"version-history":[{"count":1,"href":"http:\/\/desarrollo.grupomedios.com\/futbol\/wp-json\/wp\/v2\/posts\/492277\/revisions"}],"predecessor-version":[{"id":492279,"href":"http:\/\/desarrollo.grupomedios.com\/futbol\/wp-json\/wp\/v2\/posts\/492277\/revisions\/492279"}],"wp:featuredmedia":[{"embeddable":true,"href":"http:\/\/desarrollo.grupomedios.com\/futbol\/wp-json\/wp\/v2\/media\/492278"}],"wp:attachment":[{"href":"http:\/\/desarrollo.grupomedios.com\/futbol\/wp-json\/wp\/v2\/media?parent=492277"}],"wp:term":[{"taxonomy":"category","embeddable":true,"href":"http:\/\/desarrollo.grupomedios.com\/futbol\/wp-json\/wp\/v2\/categories?post=492277"},{"taxonomy":"post_tag","embeddable":true,"href":"http:\/\/desarrollo.grupomedios.com\/futbol\/wp-json\/wp\/v2\/tags?post=492277"}],"curies":[{"name":"wp","href":"https:\/\/api.w.org\/{rel}","templated":true}]}}