{"id":492318,"date":"2017-08-05T17:00:53","date_gmt":"2017-08-05T22:00:53","guid":{"rendered":"https:\/\/www.futboltotal.com.mx\/?p=492318"},"modified":"2017-08-05T17:00:53","modified_gmt":"2017-08-05T22:00:53","slug":"var-define-partido-en-supercopa-holanda","status":"publish","type":"post","link":"http:\/\/desarrollo.grupomedios.com\/futbol\/futbol-internacional\/var-define-partido-en-supercopa-holanda\/2017\/08","title":{"rendered":"VAR define partido en Supercopa de Holanda"},"content":{"rendered":"<p>El <strong>VAR<\/strong> tuvo uno de sus momentos hist\u00f3ricos en la Supercopa de Holanda, porque en una misma jugada se marc\u00f3 un penal a favor del Vitesse y se le quit\u00f3 un gol al <strong>Feyenoord<\/strong>.<\/p>\n<p>El momento\u00a0del partido se dio al minuto 54, despu\u00e9s del 2-0 a favor del Feyenoord.\u00a0La jugada se revis\u00f3 por los oficiales, y se decidi\u00f3 que la anotaci\u00f3n no era v\u00e1lida porque antes hab\u00eda existido un penal a favor del <strong>Vitesse<\/strong> y ten\u00eda que anularse el gol.<\/p>\n<p style=\"text-align: center;\"><span style=\"color: #333399;\"><a style=\"color: #333399;\" href=\"https:\/\/www.futboltotal.com.mx\/2017\/08\/bayern-vence-al-dortmund-se-lleva-la-supercopa-alemania\/\">VER M\u00c1S:\u00a0<span class=\"item-title\">Bayern vence al Dortmund y se lleva la Supercopa de Alemania<\/span><\/a><\/span><\/p>\n<p>El penal fue concretado por el Vitesse para el 1-1.<\/p>\n<p>Sin embargo, en la tanda de penales que defini\u00f3 el t\u00edtulo, fue el Feyenoord quien se alz\u00f3 con la victoria.<\/p>\n","protected":false},"excerpt":{"rendered":"<p>Feyenoord y Vitesse protagonizaron uno de los momentos hist\u00f3ricos<\/p>\n","protected":false},"author":20,"featured_media":492321,"comment_status":"closed","ping_status":"closed","sticky":false,"template":"","format":"standard","meta":[],"categories":[3839],"tags":[3223,9638,9078,2096],"_links":{"self":[{"href":"http:\/\/desarrollo.grupomedios.com\/futbol\/wp-json\/wp\/v2\/posts\/492318"}],"collection":[{"href":"http:\/\/desarrollo.grupomedios.com\/futbol\/wp-json\/wp\/v2\/posts"}],"about":[{"href":"http:\/\/desarrollo.grupomedios.com\/futbol\/wp-json\/wp\/v2\/types\/post"}],"author":[{"embeddable":true,"href":"http:\/\/desarrollo.grupomedios.com\/futbol\/wp-json\/wp\/v2\/users\/20"}],"replies":[{"embeddable":true,"href":"http:\/\/desarrollo.grupomedios.com\/futbol\/wp-json\/wp\/v2\/comments?post=492318"}],"version-history":[{"count":1,"href":"http:\/\/desarrollo.grupomedios.com\/futbol\/wp-json\/wp\/v2\/posts\/492318\/revisions"}],"predecessor-version":[{"id":492322,"href":"http:\/\/desarrollo.grupomedios.com\/futbol\/wp-json\/wp\/v2\/posts\/492318\/revisions\/492322"}],"wp:featuredmedia":[{"embeddable":true,"href":"http:\/\/desarrollo.grupomedios.com\/futbol\/wp-json\/wp\/v2\/media\/492321"}],"wp:attachment":[{"href":"http:\/\/desarrollo.grupomedios.com\/futbol\/wp-json\/wp\/v2\/media?parent=492318"}],"wp:term":[{"taxonomy":"category","embeddable":true,"href":"http:\/\/desarrollo.grupomedios.com\/futbol\/wp-json\/wp\/v2\/categories?post=492318"},{"taxonomy":"post_tag","embeddable":true,"href":"http:\/\/desarrollo.grupomedios.com\/futbol\/wp-json\/wp\/v2\/tags?post=492318"}],"curies":[{"name":"wp","href":"https:\/\/api.w.org\/{rel}","templated":true}]}}