{"id":492324,"date":"2017-08-05T17:26:31","date_gmt":"2017-08-05T22:26:31","guid":{"rendered":"https:\/\/www.futboltotal.com.mx\/?p=492324"},"modified":"2017-08-05T17:26:59","modified_gmt":"2017-08-05T22:26:59","slug":"raul-jimenez-marca-gol-benfica-se-lleva-la-supercopa","status":"publish","type":"post","link":"http:\/\/desarrollo.grupomedios.com\/futbol\/futbol-internacional\/raul-jimenez-marca-gol-benfica-se-lleva-la-supercopa\/2017\/08","title":{"rendered":"Ra\u00fal Jim\u00e9nez marca gol y Benfica se lleva la Supercopa"},"content":{"rendered":"<p>El mexicano <strong>Ra\u00fal Jim\u00e9nez<\/strong> colabor\u00f3 con un gol en el triunfo del <strong>Benfica<\/strong> ante\u00a0<strong>Vit\u00f3ria Guimaraes<\/strong> \u00a0por la <strong>Supercopa de Portugal.<\/strong><\/p>\n<p>Muy pronto en el encuentro, apenas al minuto 11, las \u00c1guilas ya ten\u00edan la ventaja en el marcador con goles de <strong>Jonas y Seferovic<\/strong>.<\/p>\n<p style=\"text-align: center;\"><span style=\"color: #333399;\"><a style=\"color: #333399;\" href=\"https:\/\/www.futboltotal.com.mx\/2017\/08\/zenit-quiere-robar-a-layun-del-porto\/\" target=\"_blank\" rel=\"noopener noreferrer\">VER M\u00c1S: Zenit quiere llevarse a Miguel Lay\u00fan<\/a><\/span><\/p>\n<p><strong>Raphinha<\/strong> acort\u00f3 el marcador con un gol en los minutos finales del primer tiempo.<\/p>\n<p>En la segunda parte, con un Benfica controlando el juego a su favor le dio la estocada final: A diez minutos del final entr\u00f3 Ra\u00fal Jim\u00e9nez y anot\u00f3 el tanto que sell\u00f3 la victoria para su equipo.<\/p>\n<blockquote class=\"twitter-video\" data-lang=\"es\">\n<p dir=\"ltr\" lang=\"es\">.<a href=\"https:\/\/twitter.com\/SLBenfica\">@SLBenfica<\/a> se corona con su 7\u00ba <a href=\"https:\/\/twitter.com\/hashtag\/S%C3%BAperCopaPortuguesa?src=hash\">#S\u00faperCopaPortuguesa<\/a><br \/>\n&#x1f1f2;&#x1f1fd; &#x1f3c6;Ra\u00fal Jim\u00e9nez marc\u00f3 el 3-1 y obtiene su 7\u00ba t\u00edtulo en Europa<a href=\"https:\/\/t.co\/o7vl7B9JWn\">pic.twitter.com\/o7vl7B9JWn<\/a><\/p>\n<p>\u2014 JUGOtv (@JUGO_tv) <a href=\"https:\/\/twitter.com\/JUGO_tv\/status\/893956595582939136\">5 de agosto de 2017<\/a><\/p><\/blockquote>\n<p><script async src=\"\/\/platform.twitter.com\/widgets.js\" charset=\"utf-8\"><\/script><\/p>\n<p style=\"text-align: center;\"><span style=\"color: #333399;\"><a style=\"color: #333399;\" href=\"https:\/\/www.futboltotal.com.mx\/2017\/08\/gaby-elizalde-la-americanista-mas-sensual-del-orbe\/\" target=\"_blank\" rel=\"noopener noreferrer\">VER M\u00c1S: Gaby Elizalde, la americanista m\u00e1s sensual<\/a><\/span><\/p>\n","protected":false},"excerpt":{"rendered":"<p>El Benfica se llev\u00f3 el trofeo con la ayuda del mexicano<\/p>\n","protected":false},"author":20,"featured_media":492325,"comment_status":"closed","ping_status":"closed","sticky":false,"template":"","format":"standard","meta":[],"categories":[3839],"tags":[6060,715,742],"_links":{"self":[{"href":"http:\/\/desarrollo.grupomedios.com\/futbol\/wp-json\/wp\/v2\/posts\/492324"}],"collection":[{"href":"http:\/\/desarrollo.grupomedios.com\/futbol\/wp-json\/wp\/v2\/posts"}],"about":[{"href":"http:\/\/desarrollo.grupomedios.com\/futbol\/wp-json\/wp\/v2\/types\/post"}],"author":[{"embeddable":true,"href":"http:\/\/desarrollo.grupomedios.com\/futbol\/wp-json\/wp\/v2\/users\/20"}],"replies":[{"embeddable":true,"href":"http:\/\/desarrollo.grupomedios.com\/futbol\/wp-json\/wp\/v2\/comments?post=492324"}],"version-history":[{"count":1,"href":"http:\/\/desarrollo.grupomedios.com\/futbol\/wp-json\/wp\/v2\/posts\/492324\/revisions"}],"predecessor-version":[{"id":492326,"href":"http:\/\/desarrollo.grupomedios.com\/futbol\/wp-json\/wp\/v2\/posts\/492324\/revisions\/492326"}],"wp:featuredmedia":[{"embeddable":true,"href":"http:\/\/desarrollo.grupomedios.com\/futbol\/wp-json\/wp\/v2\/media\/492325"}],"wp:attachment":[{"href":"http:\/\/desarrollo.grupomedios.com\/futbol\/wp-json\/wp\/v2\/media?parent=492324"}],"wp:term":[{"taxonomy":"category","embeddable":true,"href":"http:\/\/desarrollo.grupomedios.com\/futbol\/wp-json\/wp\/v2\/categories?post=492324"},{"taxonomy":"post_tag","embeddable":true,"href":"http:\/\/desarrollo.grupomedios.com\/futbol\/wp-json\/wp\/v2\/tags?post=492324"}],"curies":[{"name":"wp","href":"https:\/\/api.w.org\/{rel}","templated":true}]}}