{"id":492339,"date":"2017-08-05T18:26:49","date_gmt":"2017-08-05T23:26:49","guid":{"rendered":"https:\/\/www.futboltotal.com.mx\/?p=492339"},"modified":"2017-08-05T18:26:49","modified_gmt":"2017-08-05T23:26:49","slug":"neymar-y-yo-no-estamos-en-psg-por-dinero-dani-alves","status":"publish","type":"post","link":"http:\/\/desarrollo.grupomedios.com\/futbol\/futbol-internacional\/neymar-y-yo-no-estamos-en-psg-por-dinero-dani-alves\/2017\/08","title":{"rendered":"Neymar y yo no estamos en PSG por el dinero: Dani Alves"},"content":{"rendered":"<p>El lateral brasile\u00f1o\u00a0<strong><span class=\"classCadenaBusqueda\">Dani<\/span>\u00a0<span class=\"classCadenaBusqueda\">Alves<\/span><\/strong>\u00a0sorprendi\u00f3 hoy con unas declaraciones a la prensa tras el partido liguero contra el Amiens en las que asegur\u00f3 que fue su compa\u00f1ero<strong> Neymar<\/strong> quien lo convenci\u00f3 a \u00e9l para fichar por el Paris Saint-Germain (<strong>PSG<\/strong>).<\/p>\n<p>&#8220;No soy yo quien le aconsej\u00f3 venir, fue \u00e9l quien lo hizo&#8221;, dijo\u00a0<span class=\"classCadenaBusqueda\">Alves<\/span>\u00a0tras participar en la victoria de su equipo por 2-0 contra el Amiens.<\/p>\n<p>Seg\u00fan el exjugador de la Juventus, que fue presentado con el PSG hace casi un mes, le est\u00e1 agradecido a Neymar por haberle recomendado ser traspasado al PSG.<\/p>\n<p style=\"text-align: center;\"><span style=\"color: #333399;\"><a style=\"color: #333399;\" href=\"https:\/\/www.futboltotal.com.mx\/2017\/08\/aficion-psg-trollea-a-pique-en-presentacion-neymar\/\">VER M\u00c1S:\u00a0Afici\u00f3n de PSG trollea a Piqu\u00e9 en presentaci\u00f3n de Neymar<\/a><\/span><\/p>\n<p>&#8220;No me sorprende que haya venido. No era un plan, pero cuando me aconsej\u00f3 venir aqu\u00ed, era porque supuestamente estaba claro que \u00e9l tambi\u00e9n quer\u00eda venir. El ni\u00f1o ha crecido y ahora decide por si solo&#8221;, opin\u00f3 el defensor brasile\u00f1o.<\/p>\n<p>Neymar asegur\u00f3 ayer en una conferencia de prensa que s\u00f3lo tom\u00f3 la decisi\u00f3n de fichar por el PSG en los \u00faltimos d\u00edas, tras pensarlo mucho.<\/p>\n<p>Adem\u00e1s,\u00a0<span class=\"classCadenaBusqueda\">Alves<\/span>\u00a0estim\u00f3 que para el Barcelona es doloroso perder a un jugador de su nivel, pero insisti\u00f3 en que ni \u00e9l ni su compa\u00f1ero se mueven &#8220;por el dinero, sino por el desaf\u00edo, por la pasi\u00f3n del deporte&#8221; y que tampoco guardan &#8220;rencor&#8221; al Barcelona.<\/p>\n<p style=\"text-align: center;\"><span style=\"color: #333399;\"><a style=\"color: #333399;\" href=\"https:\/\/www.futboltotal.com.mx\/2017\/08\/10-atacantes-izquierda-sustituirian-a-neymar-en-barcelona\/\">VER M\u00c1S:\u00a010 atacantes por izquierda que sustituir\u00edan a Neymar en Barcelona<\/a><\/span><\/p>\n","protected":false},"excerpt":{"rendered":"<p>El defensa brasile\u00f1o sali\u00f3 en defensa de su compatriota<\/p>\n","protected":false},"author":144,"featured_media":492340,"comment_status":"closed","ping_status":"closed","sticky":false,"template":"","format":"standard","meta":[],"categories":[3839,9609],"tags":[5983,6001,114],"_links":{"self":[{"href":"http:\/\/desarrollo.grupomedios.com\/futbol\/wp-json\/wp\/v2\/posts\/492339"}],"collection":[{"href":"http:\/\/desarrollo.grupomedios.com\/futbol\/wp-json\/wp\/v2\/posts"}],"about":[{"href":"http:\/\/desarrollo.grupomedios.com\/futbol\/wp-json\/wp\/v2\/types\/post"}],"author":[{"embeddable":true,"href":"http:\/\/desarrollo.grupomedios.com\/futbol\/wp-json\/wp\/v2\/users\/144"}],"replies":[{"embeddable":true,"href":"http:\/\/desarrollo.grupomedios.com\/futbol\/wp-json\/wp\/v2\/comments?post=492339"}],"version-history":[{"count":1,"href":"http:\/\/desarrollo.grupomedios.com\/futbol\/wp-json\/wp\/v2\/posts\/492339\/revisions"}],"predecessor-version":[{"id":492341,"href":"http:\/\/desarrollo.grupomedios.com\/futbol\/wp-json\/wp\/v2\/posts\/492339\/revisions\/492341"}],"wp:featuredmedia":[{"embeddable":true,"href":"http:\/\/desarrollo.grupomedios.com\/futbol\/wp-json\/wp\/v2\/media\/492340"}],"wp:attachment":[{"href":"http:\/\/desarrollo.grupomedios.com\/futbol\/wp-json\/wp\/v2\/media?parent=492339"}],"wp:term":[{"taxonomy":"category","embeddable":true,"href":"http:\/\/desarrollo.grupomedios.com\/futbol\/wp-json\/wp\/v2\/categories?post=492339"},{"taxonomy":"post_tag","embeddable":true,"href":"http:\/\/desarrollo.grupomedios.com\/futbol\/wp-json\/wp\/v2\/tags?post=492339"}],"curies":[{"name":"wp","href":"https:\/\/api.w.org\/{rel}","templated":true}]}}