{"id":492443,"date":"2017-08-06T10:59:06","date_gmt":"2017-08-06T15:59:06","guid":{"rendered":"https:\/\/www.futboltotal.com.mx\/?p=492443"},"modified":"2017-08-06T13:43:19","modified_gmt":"2017-08-06T18:43:19","slug":"dos-jugadores-de-lobos-hospitalizados-tras-aparente-rina","status":"publish","type":"post","link":"http:\/\/desarrollo.grupomedios.com\/futbol\/destacado-home\/dos-jugadores-de-lobos-hospitalizados-tras-aparente-rina\/2017\/08","title":{"rendered":"Dos jugadores de Lobos hospitalizado tras aparente ri\u00f1a"},"content":{"rendered":"<p><strong>William Palacios<\/strong> y <strong>Juli\u00e1n Qui\u00f1ones<\/strong>, jugadores de <a href=\"https:\/\/www.futboltotal.com.mx\/2017\/08\/resultados-cronica-lobos-buap-3-2-pachuca-apertura-2017\/\" target=\"_blank\" rel=\"noopener noreferrer\"><span style=\"color: #333399;\"><strong>Lobos BUAP<\/strong><\/span><\/a>, se encuentran hospitalizados en el nosocomio <strong>\u00c1ngeles de Puebla<\/strong>, luego de que ambos habr\u00edan estado involucrados en una ri\u00f1a en un bar de <strong>Puebla.<\/strong><\/p>\n<p style=\"text-align: center;\"><a href=\"https:\/\/www.futboltotal.com.mx\/2017\/08\/messi-el-mejor-jugador-en-la-historia-de-la-liga\/\" target=\"_blank\" rel=\"noopener noreferrer\"><span style=\"color: #333399;\">VER M\u00c1S:\u00a0Messi, el mejor jugador en la historia de La Liga<\/span><\/a><\/p>\n<p><strong>Palacios<\/strong> estar\u00eda en observaci\u00f3n por un derrame en el o\u00eddo derecho, mientras que <strong>Qui\u00f1ones<\/strong>\u00a0habr\u00eda abandonado la zona de urgencias, aunque se mantiene en observaci\u00f3n.<\/p>\n","protected":false},"excerpt":{"rendered":"<p>William Palacios y Juli\u00e1n Qui\u00f1ones en observaci\u00f3n<\/p>\n","protected":false},"author":20,"featured_media":492445,"comment_status":"closed","ping_status":"closed","sticky":false,"template":"","format":"standard","meta":[],"categories":[5,2198,3845],"tags":[9642,431,9641],"_links":{"self":[{"href":"http:\/\/desarrollo.grupomedios.com\/futbol\/wp-json\/wp\/v2\/posts\/492443"}],"collection":[{"href":"http:\/\/desarrollo.grupomedios.com\/futbol\/wp-json\/wp\/v2\/posts"}],"about":[{"href":"http:\/\/desarrollo.grupomedios.com\/futbol\/wp-json\/wp\/v2\/types\/post"}],"author":[{"embeddable":true,"href":"http:\/\/desarrollo.grupomedios.com\/futbol\/wp-json\/wp\/v2\/users\/20"}],"replies":[{"embeddable":true,"href":"http:\/\/desarrollo.grupomedios.com\/futbol\/wp-json\/wp\/v2\/comments?post=492443"}],"version-history":[{"count":1,"href":"http:\/\/desarrollo.grupomedios.com\/futbol\/wp-json\/wp\/v2\/posts\/492443\/revisions"}],"predecessor-version":[{"id":492446,"href":"http:\/\/desarrollo.grupomedios.com\/futbol\/wp-json\/wp\/v2\/posts\/492443\/revisions\/492446"}],"wp:featuredmedia":[{"embeddable":true,"href":"http:\/\/desarrollo.grupomedios.com\/futbol\/wp-json\/wp\/v2\/media\/492445"}],"wp:attachment":[{"href":"http:\/\/desarrollo.grupomedios.com\/futbol\/wp-json\/wp\/v2\/media?parent=492443"}],"wp:term":[{"taxonomy":"category","embeddable":true,"href":"http:\/\/desarrollo.grupomedios.com\/futbol\/wp-json\/wp\/v2\/categories?post=492443"},{"taxonomy":"post_tag","embeddable":true,"href":"http:\/\/desarrollo.grupomedios.com\/futbol\/wp-json\/wp\/v2\/tags?post=492443"}],"curies":[{"name":"wp","href":"https:\/\/api.w.org\/{rel}","templated":true}]}}