{"id":492459,"date":"2017-08-06T14:32:51","date_gmt":"2017-08-06T19:32:51","guid":{"rendered":"https:\/\/www.futboltotal.com.mx\/?p=492459"},"modified":"2017-08-06T14:33:09","modified_gmt":"2017-08-06T19:33:09","slug":"zelarayan-le-hace-un-cambio-de-look-a-nahuel-guzman","status":"publish","type":"post","link":"http:\/\/desarrollo.grupomedios.com\/futbol\/futbol-mexicano\/zelarayan-le-hace-un-cambio-de-look-a-nahuel-guzman\/2017\/08","title":{"rendered":"Zelaray\u00e1n le hace un cambio de look a Nahuel Guzm\u00e1n"},"content":{"rendered":"<p><a href=\"https:\/\/www.futboltotal.com.mx\/2017\/08\/resultado-cronica-tigres-1-1-queretaro-apertura-2017\/\" target=\"_blank\" rel=\"noopener noreferrer\"><span style=\"color: #333399;\"><strong>Tigres<\/strong><\/span><\/a> dej\u00f3 ir el triunfo ante los<em> Gallos Blancos<\/em> del <a href=\"https:\/\/www.futboltotal.com.mx\/2017\/07\/tito-villa-causara-baja-con-queretaro-por-lesion\/\" target=\"_blank\" rel=\"noopener noreferrer\"><span style=\"color: #333399;\"><strong>Quer\u00e9taro<\/strong><\/span><\/a> en la <strong>Jornada 3<\/strong> del <strong>Apertura 2017<\/strong>; sin embargo, eso no afect\u00f3 el buen \u00e1nimo de los felinos, luego de que <a href=\"https:\/\/www.futboltotal.com.mx\/2017\/08\/no-nos-interesa-ser-el-real-madrid-nahuel-guzman\/\" target=\"_blank\" rel=\"noopener noreferrer\"><span style=\"color: #333399;\"><strong>Nahuel Guzm\u00e1n<\/strong><\/span><\/a> decidiera cambiar de look, siendo <a href=\"https:\/\/www.futboltotal.com.mx\/2017\/05\/zelarayan-podria-recalar-en-america\/\" target=\"_blank\" rel=\"noopener noreferrer\"><span style=\"color: #333399;\"><strong>Lucas Zelaray\u00e1n<\/strong><\/span><\/a> el encargado de darle un nuevo toque a la apariencia del argentino, mostrando sus talentos como peluquero.<\/p>\n<p style=\"text-align: center;\"><a href=\"https:\/\/www.futboltotal.com.mx\/2017\/08\/toluca-logro-espectacular-voltereta-atlas\/\" target=\"_blank\" rel=\"noopener noreferrer\"><span style=\"color: #333399;\">VER M\u00c1S:\u00a0Toluca logr\u00f3 espectacular voltereta sobre Atlas<\/span><\/a><\/p>\n<p>El \u2018Pat\u00f3n\u2019 subi\u00f3 una foto en su cuenta oficial de <strong>Twitter<\/strong> en donde se ve como<strong> Zelaray\u00e1n<\/strong> aparece cort\u00e1ndole el cabello. El enganche felino dej\u00f3 su toque en la cabeza del guardameta, al marcarle una clave de sol.<\/p>\n<p style=\"text-align: center;\"><a href=\"https:\/\/www.futboltotal.com.mx\/2017\/08\/messi-el-mejor-jugador-en-la-historia-de-la-liga\/\" target=\"_blank\" rel=\"noopener noreferrer\"><span style=\"color: #333399;\">VER M\u00c1S:\u00a0Messi, el mejor jugador en la historia de La Liga<\/span><\/a><\/p>\n<blockquote class=\"twitter-tweet\" data-lang=\"es\">\n<p dir=\"ltr\" lang=\"es\"><a href=\"https:\/\/twitter.com\/hashtag\/PeLucas?src=hash\">#PeLucas<\/a> Style \u2702\ufe0f de las manos de <a href=\"https:\/\/twitter.com\/Lucazelarayan31\">@Lucazelarayan31<\/a> &#x1f44f;&#x1f3fd;<a href=\"https:\/\/twitter.com\/hashtag\/vamostigres?src=hash\">#vamostigres<\/a> &#x1f4aa;&#x1f42f; <a href=\"https:\/\/t.co\/fRpokhLqik\">pic.twitter.com\/fRpokhLqik<\/a><\/p>\n<p>\u2014 Nahuel.I.Guzman (@PatonGuzman) <a href=\"https:\/\/twitter.com\/PatonGuzman\/status\/893931576416980997\">5 de agosto de 2017<\/a><\/p><\/blockquote>\n<p><script async src=\"\/\/platform.twitter.com\/widgets.js\" charset=\"utf-8\"><\/script><\/p>\n","protected":false},"excerpt":{"rendered":"<p>Lucas Zelaray\u00e1n sali\u00f3 bueno para la peluquer\u00eda <\/p>\n","protected":false},"author":20,"featured_media":492460,"comment_status":"closed","ping_status":"closed","sticky":false,"template":"","format":"standard","meta":[],"categories":[5419,2198,3845],"tags":[8084,6129,5973],"_links":{"self":[{"href":"http:\/\/desarrollo.grupomedios.com\/futbol\/wp-json\/wp\/v2\/posts\/492459"}],"collection":[{"href":"http:\/\/desarrollo.grupomedios.com\/futbol\/wp-json\/wp\/v2\/posts"}],"about":[{"href":"http:\/\/desarrollo.grupomedios.com\/futbol\/wp-json\/wp\/v2\/types\/post"}],"author":[{"embeddable":true,"href":"http:\/\/desarrollo.grupomedios.com\/futbol\/wp-json\/wp\/v2\/users\/20"}],"replies":[{"embeddable":true,"href":"http:\/\/desarrollo.grupomedios.com\/futbol\/wp-json\/wp\/v2\/comments?post=492459"}],"version-history":[{"count":1,"href":"http:\/\/desarrollo.grupomedios.com\/futbol\/wp-json\/wp\/v2\/posts\/492459\/revisions"}],"predecessor-version":[{"id":492461,"href":"http:\/\/desarrollo.grupomedios.com\/futbol\/wp-json\/wp\/v2\/posts\/492459\/revisions\/492461"}],"wp:featuredmedia":[{"embeddable":true,"href":"http:\/\/desarrollo.grupomedios.com\/futbol\/wp-json\/wp\/v2\/media\/492460"}],"wp:attachment":[{"href":"http:\/\/desarrollo.grupomedios.com\/futbol\/wp-json\/wp\/v2\/media?parent=492459"}],"wp:term":[{"taxonomy":"category","embeddable":true,"href":"http:\/\/desarrollo.grupomedios.com\/futbol\/wp-json\/wp\/v2\/categories?post=492459"},{"taxonomy":"post_tag","embeddable":true,"href":"http:\/\/desarrollo.grupomedios.com\/futbol\/wp-json\/wp\/v2\/tags?post=492459"}],"curies":[{"name":"wp","href":"https:\/\/api.w.org\/{rel}","templated":true}]}}