{"id":492464,"date":"2017-08-06T14:56:22","date_gmt":"2017-08-06T19:56:22","guid":{"rendered":"https:\/\/www.futboltotal.com.mx\/?p=492464"},"modified":"2017-08-06T14:56:22","modified_gmt":"2017-08-06T19:56:22","slug":"debut-de-jonathan-dos-santos-en-el-galaxy","status":"publish","type":"post","link":"http:\/\/desarrollo.grupomedios.com\/futbol\/futbol-internacional\/debut-de-jonathan-dos-santos-en-el-galaxy\/2017\/08","title":{"rendered":"Mira el debut de Jonathan Dos Santos en el Galaxy"},"content":{"rendered":"<p><strong>Jonathan Dos Santos<\/strong> hizo su debut en el <strong>Galaxy<\/strong> junto a su hermano Gioavani en el partido donde los angelinos enfrentaron a los Portland Timbers.<\/p>\n<p>El menor de los <strong>Dos Santos<\/strong> ingres\u00f3 de cambio al minuto 63&#8242; en un partido donde su hermano Gio ya estaba en el campo y su equipo ca\u00eda con marcador de 3-1.<\/p>\n<p style=\"text-align: center;\"><span style=\"color: #3366ff;\"><a style=\"color: #3366ff;\" href=\"https:\/\/www.futboltotal.com.mx\/2017\/08\/toluca-logro-espectacular-voltereta-atlas\/\">VER M\u00c1S: Toluca logr\u00f3 espectacular voltereta sobre Atlas<\/a><\/span><\/p>\n<blockquote class=\"twitter-tweet\" data-width=\"500\">\n<p lang=\"es\" dir=\"ltr\">\u00a1<a href=\"https:\/\/twitter.com\/jona2santos\">@jona2santos<\/a> hace su debut con <a href=\"https:\/\/twitter.com\/hashtag\/LAGalaxy?src=hash\">#LAGalaxy<\/a>! <a href=\"https:\/\/twitter.com\/hashtag\/BienveniDosSantos?src=hash\">#BienveniDosSantos<\/a> <a href=\"https:\/\/twitter.com\/hashtag\/PORvLA?src=hash\">#PORvLA<\/a> <a href=\"https:\/\/t.co\/zNlQU4aGmn\">pic.twitter.com\/zNlQU4aGmn<\/a><\/p>\n<p>&mdash; LA Galaxy (@LAGalaxy_Es) <a href=\"https:\/\/twitter.com\/LAGalaxy_Es\/status\/894280286829072385\">August 6, 2017<\/a><\/p><\/blockquote>\n<p><script async src=\"\/\/platform.twitter.com\/widgets.js\" charset=\"utf-8\"><\/script><\/p>\n<p>La cuent del <strong>Galaxy<\/strong> comparti\u00f3 un curioso dato sobre los hermanos Dos Santos, pues hace dos a\u00f1os exactamente Giovani tambi\u00e9n debutaba con el conjunto gal\u00e1ctico.<\/p>\n<blockquote class=\"twitter-tweet\" data-width=\"500\">\n<p lang=\"en\" dir=\"ltr\">August 6, 2015: <a href=\"https:\/\/twitter.com\/OficialGio\">@OficialGio<\/a> made his <a href=\"https:\/\/twitter.com\/hashtag\/LAGalaxy?src=hash\">#LAGalaxy<\/a> debut.<br \/>August 6, 2017: <a href=\"https:\/\/twitter.com\/jona2santos\">@jona2santos<\/a> makes his <a href=\"https:\/\/twitter.com\/hashtag\/LAGalaxy?src=hash\">#LAGalaxy<\/a> debut. <a href=\"https:\/\/twitter.com\/hashtag\/BienveniDosSantos?src=hash\">#BienveniDosSantos<\/a> <a href=\"https:\/\/t.co\/FllQXoHFxJ\">pic.twitter.com\/FllQXoHFxJ<\/a><\/p>\n<p>&mdash; LA Galaxy (@LAGalaxy) <a href=\"https:\/\/twitter.com\/LAGalaxy\/status\/894281058102812673\">August 6, 2017<\/a><\/p><\/blockquote>\n<p><script async src=\"\/\/platform.twitter.com\/widgets.js\" charset=\"utf-8\"><\/script><\/p>\n<p>La \u00faltima vez que <strong>Jonathan Dos Santos<\/strong> jug\u00f3 en un club con su hermano fue en 2015, cuando Villarreal cay\u00f3 de local por 0-3 con el Espanyol en la Liga de Espa\u00f1a.<\/p>\n","protected":false},"excerpt":{"rendered":"<p>El mexicano debut\u00f3 junto a su hermano Giovani.<\/p>\n","protected":false},"author":129,"featured_media":492469,"comment_status":"closed","ping_status":"closed","sticky":false,"template":"","format":"standard","meta":[],"categories":[3839],"tags":[416,48,195],"_links":{"self":[{"href":"http:\/\/desarrollo.grupomedios.com\/futbol\/wp-json\/wp\/v2\/posts\/492464"}],"collection":[{"href":"http:\/\/desarrollo.grupomedios.com\/futbol\/wp-json\/wp\/v2\/posts"}],"about":[{"href":"http:\/\/desarrollo.grupomedios.com\/futbol\/wp-json\/wp\/v2\/types\/post"}],"author":[{"embeddable":true,"href":"http:\/\/desarrollo.grupomedios.com\/futbol\/wp-json\/wp\/v2\/users\/129"}],"replies":[{"embeddable":true,"href":"http:\/\/desarrollo.grupomedios.com\/futbol\/wp-json\/wp\/v2\/comments?post=492464"}],"version-history":[{"count":1,"href":"http:\/\/desarrollo.grupomedios.com\/futbol\/wp-json\/wp\/v2\/posts\/492464\/revisions"}],"predecessor-version":[{"id":492470,"href":"http:\/\/desarrollo.grupomedios.com\/futbol\/wp-json\/wp\/v2\/posts\/492464\/revisions\/492470"}],"wp:featuredmedia":[{"embeddable":true,"href":"http:\/\/desarrollo.grupomedios.com\/futbol\/wp-json\/wp\/v2\/media\/492469"}],"wp:attachment":[{"href":"http:\/\/desarrollo.grupomedios.com\/futbol\/wp-json\/wp\/v2\/media?parent=492464"}],"wp:term":[{"taxonomy":"category","embeddable":true,"href":"http:\/\/desarrollo.grupomedios.com\/futbol\/wp-json\/wp\/v2\/categories?post=492464"},{"taxonomy":"post_tag","embeddable":true,"href":"http:\/\/desarrollo.grupomedios.com\/futbol\/wp-json\/wp\/v2\/tags?post=492464"}],"curies":[{"name":"wp","href":"https:\/\/api.w.org\/{rel}","templated":true}]}}