{"id":492471,"date":"2017-08-06T15:13:05","date_gmt":"2017-08-06T20:13:05","guid":{"rendered":"https:\/\/www.futboltotal.com.mx\/?p=492471"},"modified":"2017-08-06T15:13:22","modified_gmt":"2017-08-06T20:13:22","slug":"julian-draxler-al-barca-su-agente-fue-visto-en-barcelona","status":"publish","type":"post","link":"http:\/\/desarrollo.grupomedios.com\/futbol\/futbol-internacional\/julian-draxler-al-barca-su-agente-fue-visto-en-barcelona\/2017\/08","title":{"rendered":"\u00bfJulian Draxler al Bar\u00e7a? Su agente fue visto en Barcelona"},"content":{"rendered":"<p>Tras la partida de <a href=\"https:\/\/www.futboltotal.com.mx\/2017\/08\/neymar-y-yo-no-estamos-en-psg-por-dinero-dani-alves\/\" target=\"_blank\" rel=\"noopener noreferrer\"><span style=\"color: #333399;\"><strong>Neymar<\/strong><\/span><\/a> al<strong><a href=\"https:\/\/www.futboltotal.com.mx\/2017\/08\/psg-ahora-va-oblak-portero-del-atletico-madrid\/\" target=\"_blank\" rel=\"noopener noreferrer\"><span style=\"color: #333399;\"> PSG<\/span><\/a>, <a href=\"https:\/\/www.futboltotal.com.mx\/2017\/06\/causa-efecto-julian-draxler\/\" target=\"_blank\" rel=\"noopener noreferrer\"><span style=\"color: #333399;\">Julian Draxler<\/span><\/a><\/strong> ser\u00eda el jugador sacrificado en la formaci\u00f3n del t\u00e9cnico <a href=\"https:\/\/www.futboltotal.com.mx\/2017\/07\/unai-emery-pidio-a-alexis-sanchez-en-el-psg\/\" target=\"_blank\" rel=\"noopener noreferrer\"><span style=\"color: #333399;\"><strong>Unai Emery<\/strong><\/span><\/a>, raz\u00f3n por la cual se especula la posible salida del teut\u00f3n del conjunto parisino.<\/p>\n<p style=\"text-align: center;\"><a href=\"https:\/\/www.futboltotal.com.mx\/2017\/08\/debut-de-jonathan-dos-santos-en-el-galaxy\/\" target=\"_blank\" rel=\"noopener noreferrer\"><span style=\"color: #333399;\">VER M\u00c1S:\u00a0Mira el debut de Jonathan Dos Santos en el Galaxy<\/span><\/a><\/p>\n<p><strong>Roger Wittmann<\/strong>, representante del exjugador del<a href=\"https:\/\/www.futboltotal.com.mx\/2017\/07\/wolfsburgo-felicito-a-lobos-buap-primer-triunfo-en-liga-mx\/\" target=\"_blank\" rel=\"noopener noreferrer\"><span style=\"color: #333399;\"><strong> Wolfsburgo<\/strong><\/span><\/a>, estar\u00eda en <a href=\"https:\/\/www.futboltotal.com.mx\/2017\/08\/neymar-paga-222mde-al-barcelona-para-irse-al-psg\/\" target=\"_blank\" rel=\"noopener noreferrer\"><span style=\"color: #333399;\"><strong>Barcelona<\/strong><\/span><\/a> negociando el traspaso del alem\u00e1n al conjunto cul\u00e9, as\u00ed lo dio a conocer el diario Bild, publicando una fotograf\u00eda del agente del jugador en el aeropuerto de la capital catalana.<\/p>\n<p style=\"text-align: center;\"><a href=\"https:\/\/www.futboltotal.com.mx\/2017\/08\/marco-fabian-es-ovacionado-en-ultimo-amistoso-del-eintracht\/\" target=\"_blank\" rel=\"noopener noreferrer\"><span style=\"color: #333399;\">VER M\u00c1S:\u00a0Marco Fabi\u00e1n es ovacionado en \u00faltimo amistoso del Eintracht<\/span><\/a><\/p>\n<p><strong>Draxler<\/strong> lleg\u00f3 a la escuadra francesa en el pasado mercado invernal, procedente del <strong>Wolfsburgo<\/strong> por 40 millones de euros. El alem\u00e1n se desempe\u00f1a por sector izquierdo, posici\u00f3n similar a la de <em>Ney<\/em>, hecho que aviva los rumores de su posible salida.<\/p>\n<p><a href=\"https:\/\/www.futboltotal.com.mx\/wp-content\/uploads\/2017\/08\/DGiuAFxXgAA0SG8.jpg\"><img decoding=\"async\" loading=\"lazy\" class=\"alignnone size-large wp-image-492472\" src=\"https:\/\/www.futboltotal.com.mx\/wp-content\/uploads\/2017\/08\/DGiuAFxXgAA0SG8-1024x576.jpg\" alt=\"\u00bfJulian Draxler al Bar\u00e7a? Su agente fue visto en Barcelona 0\" srcset=\"http:\/\/desarrollo.grupomedios.com\/futbol\/wp-content\/uploads\/2017\/08\/DGiuAFxXgAA0SG8-1024x576.jpg 1024w, http:\/\/desarrollo.grupomedios.com\/futbol\/wp-content\/uploads\/2017\/08\/DGiuAFxXgAA0SG8-300x169.jpg 300w, http:\/\/desarrollo.grupomedios.com\/futbol\/wp-content\/uploads\/2017\/08\/DGiuAFxXgAA0SG8-768x432.jpg 768w, http:\/\/desarrollo.grupomedios.com\/futbol\/wp-content\/uploads\/2017\/08\/DGiuAFxXgAA0SG8-1136x639.jpg 1136w, http:\/\/desarrollo.grupomedios.com\/futbol\/wp-content\/uploads\/2017\/08\/DGiuAFxXgAA0SG8-317x178.jpg 317w, http:\/\/desarrollo.grupomedios.com\/futbol\/wp-content\/uploads\/2017\/08\/DGiuAFxXgAA0SG8-535x301.jpg 535w, http:\/\/desarrollo.grupomedios.com\/futbol\/wp-content\/uploads\/2017\/08\/DGiuAFxXgAA0SG8-374x210.jpg 374w, http:\/\/desarrollo.grupomedios.com\/futbol\/wp-content\/uploads\/2017\/08\/DGiuAFxXgAA0SG8.jpg 1200w\" sizes=\"(max-width: 1024px) 100vw, 1024px\" \/><\/a><\/p>\n","protected":false},"excerpt":{"rendered":"<p>Draxler podr\u00eda salir del PSG tras la llegada de Neymar<\/p>\n","protected":false},"author":20,"featured_media":492475,"comment_status":"closed","ping_status":"closed","sticky":false,"template":"","format":"standard","meta":[],"categories":[3839,3844],"tags":[5984,3513,6001,114],"_links":{"self":[{"href":"http:\/\/desarrollo.grupomedios.com\/futbol\/wp-json\/wp\/v2\/posts\/492471"}],"collection":[{"href":"http:\/\/desarrollo.grupomedios.com\/futbol\/wp-json\/wp\/v2\/posts"}],"about":[{"href":"http:\/\/desarrollo.grupomedios.com\/futbol\/wp-json\/wp\/v2\/types\/post"}],"author":[{"embeddable":true,"href":"http:\/\/desarrollo.grupomedios.com\/futbol\/wp-json\/wp\/v2\/users\/20"}],"replies":[{"embeddable":true,"href":"http:\/\/desarrollo.grupomedios.com\/futbol\/wp-json\/wp\/v2\/comments?post=492471"}],"version-history":[{"count":2,"href":"http:\/\/desarrollo.grupomedios.com\/futbol\/wp-json\/wp\/v2\/posts\/492471\/revisions"}],"predecessor-version":[{"id":492477,"href":"http:\/\/desarrollo.grupomedios.com\/futbol\/wp-json\/wp\/v2\/posts\/492471\/revisions\/492477"}],"wp:featuredmedia":[{"embeddable":true,"href":"http:\/\/desarrollo.grupomedios.com\/futbol\/wp-json\/wp\/v2\/media\/492475"}],"wp:attachment":[{"href":"http:\/\/desarrollo.grupomedios.com\/futbol\/wp-json\/wp\/v2\/media?parent=492471"}],"wp:term":[{"taxonomy":"category","embeddable":true,"href":"http:\/\/desarrollo.grupomedios.com\/futbol\/wp-json\/wp\/v2\/categories?post=492471"},{"taxonomy":"post_tag","embeddable":true,"href":"http:\/\/desarrollo.grupomedios.com\/futbol\/wp-json\/wp\/v2\/tags?post=492471"}],"curies":[{"name":"wp","href":"https:\/\/api.w.org\/{rel}","templated":true}]}}