{"id":492486,"date":"2017-08-06T15:45:51","date_gmt":"2017-08-06T20:45:51","guid":{"rendered":"https:\/\/www.futboltotal.com.mx\/?p=492486"},"modified":"2017-08-07T08:38:07","modified_gmt":"2017-08-07T13:38:07","slug":"tecnico-de-lobos-desconoce-hospitalizacion-de-jugadores","status":"publish","type":"post","link":"http:\/\/desarrollo.grupomedios.com\/futbol\/destacado-home\/tecnico-de-lobos-desconoce-hospitalizacion-de-jugadores\/2017\/08","title":{"rendered":"T\u00e9cnico de Lobos desconoce hospitalizaci\u00f3n de jugadores"},"content":{"rendered":"<p>El reci\u00e9n ascendido <a href=\"https:\/\/www.futboltotal.com.mx\/2017\/08\/dos-jugadores-de-lobos-hospitalizados-tras-aparente-rina\/\" target=\"_blank\" rel=\"noopener noreferrer\"><span style=\"color: #333399;\"><strong>Lobos BUAP<\/strong><\/span><\/a> se encuentra viviendo en la <strong>Liga MX<\/strong>, ya que se encuentra invicto en el presente <strong>Apertura 2017<\/strong>. Hace unas horas trascendi\u00f3 la noticias de que<strong> Juli\u00e1n Qui\u00f1ones<\/strong> y<strong> William Palacios<\/strong> se encontraban hospitalizados tras una ri\u00f1a en un bar de <strong>Puebla.<\/strong><\/p>\n<p style=\"text-align: center;\"><a href=\"https:\/\/www.futboltotal.com.mx\/2017\/08\/cristante-deja-en-aire-triverio-en-toluca\/\" target=\"_blank\" rel=\"noopener noreferrer\"><span style=\"color: #333399;\">VER M\u00c1S:\u00a0Cristante deja en el aire futuro de Triverio en Toluca<\/span><\/a><\/p>\n<p>Sin embargo,<a href=\"https:\/\/www.futboltotal.com.mx\/2017\/07\/rafael-puente-jr-confirma-a-jonathan-fabbro-refuerzo\/\" target=\"_blank\" rel=\"noopener noreferrer\"><span style=\"color: #333399;\"> <strong>Rafael Puente Jr<\/strong><\/span><\/a>., t\u00e9cnico de los universitarios, dijo desconocer del tema, a su salida de la Catedral de Puebla fue interrogado sobre los hechos y dijo: \u201cNo s\u00e9 de qu\u00e9 me hablas, yo vengo saliendo de misa con mi equipo. Yo fui al hospital a ver a Lucero \u00c1lvarez, y estuve ah\u00ed para verlo\u201d.<\/p>\n<p style=\"text-align: center;\"><a href=\"https:\/\/www.futboltotal.com.mx\/2017\/08\/wesley-sneijder-nuevo-jugador-del-niza-de-la-ligue-1\/\" target=\"_blank\" rel=\"noopener noreferrer\"><span style=\"color: #333399;\">VER M\u00c1S:\u00a0Wesley Sneijder, nuevo jugador del Niza de la Ligue 1<\/span><\/a><\/p>\n<p>Los<em>\u00a0Lic\u00e1ntropos<\/em> visitar\u00e1n en la<strong> Jornada 4<\/strong> del <strong>Apertura 2017<\/strong> a los <a href=\"https:\/\/www.futboltotal.com.mx\/2017\/08\/resultado-cronica-america-2-1-pumas-apertura-2017\/\" target=\"_blank\" rel=\"noopener noreferrer\"><span style=\"color: #333399;\"><strong>Pumas de la UNAM<\/strong><\/span><\/a> en la cancha del <strong>Ol\u00edmpico Universitario.<\/strong><\/p>\n","protected":false},"excerpt":{"rendered":"<p>DT de Lobos desconoce sobre la hospitalizaci\u00f3n de sus jugadores<\/p>\n","protected":false},"author":20,"featured_media":486290,"comment_status":"closed","ping_status":"closed","sticky":false,"template":"","format":"standard","meta":[],"categories":[5,2198,3845],"tags":[9642,431,8700,9641],"_links":{"self":[{"href":"http:\/\/desarrollo.grupomedios.com\/futbol\/wp-json\/wp\/v2\/posts\/492486"}],"collection":[{"href":"http:\/\/desarrollo.grupomedios.com\/futbol\/wp-json\/wp\/v2\/posts"}],"about":[{"href":"http:\/\/desarrollo.grupomedios.com\/futbol\/wp-json\/wp\/v2\/types\/post"}],"author":[{"embeddable":true,"href":"http:\/\/desarrollo.grupomedios.com\/futbol\/wp-json\/wp\/v2\/users\/20"}],"replies":[{"embeddable":true,"href":"http:\/\/desarrollo.grupomedios.com\/futbol\/wp-json\/wp\/v2\/comments?post=492486"}],"version-history":[{"count":1,"href":"http:\/\/desarrollo.grupomedios.com\/futbol\/wp-json\/wp\/v2\/posts\/492486\/revisions"}],"predecessor-version":[{"id":492488,"href":"http:\/\/desarrollo.grupomedios.com\/futbol\/wp-json\/wp\/v2\/posts\/492486\/revisions\/492488"}],"wp:featuredmedia":[{"embeddable":true,"href":"http:\/\/desarrollo.grupomedios.com\/futbol\/wp-json\/wp\/v2\/media\/486290"}],"wp:attachment":[{"href":"http:\/\/desarrollo.grupomedios.com\/futbol\/wp-json\/wp\/v2\/media?parent=492486"}],"wp:term":[{"taxonomy":"category","embeddable":true,"href":"http:\/\/desarrollo.grupomedios.com\/futbol\/wp-json\/wp\/v2\/categories?post=492486"},{"taxonomy":"post_tag","embeddable":true,"href":"http:\/\/desarrollo.grupomedios.com\/futbol\/wp-json\/wp\/v2\/tags?post=492486"}],"curies":[{"name":"wp","href":"https:\/\/api.w.org\/{rel}","templated":true}]}}